{
    "atos-administrativos": [
        {
            "creation_date": "2016-09-23T15:03:38-03:00", 
            "description": "", 
            "modification_date": "2016-09-23T15:04:05-03:00", 
            "title": "Atas das Sess\u00f5es Legislativas", 
            "uri": "https://www.saojosedocalcado.es.leg.br/transparencia/atos-administrativos/atas-das-sessoes-legislativas"
        }, 
        {
            "creation_date": "2016-12-02T15:08:06-02:00", 
            "description": "", 
            "file": {
                "filename": "Despacho do Presidente da C\u00e2mara Benedito Borges de Souza ao Requerimento do Sr. Jos\u00e9 Carlos de Almeida.PDF", 
                "height": 0, 
                "size": 179260, 
                "uri": "https://www.saojosedocalcado.es.leg.br/transparencia/atos-administrativos/despacho-do-presidente-da-camara-benedito-borges-de-souza-ao-requerimento-do-sr-jose-carlos-de-almeida/@@images/file", 
                "width": 0
            }, 
            "modification_date": "2016-12-02T15:08:06-02:00", 
            "title": "Despacho do Presidente da C\u00e2mara Benedito Borges de Souza ao Requerimento do Sr. Jos\u00e9 Carlos de Almeida", 
            "uri": "https://www.saojosedocalcado.es.leg.br/transparencia/atos-administrativos/despacho-do-presidente-da-camara-benedito-borges-de-souza-ao-requerimento-do-sr-jose-carlos-de-almeida"
        }, 
        {
            "creation_date": "2017-05-22T16:05:08-03:00", 
            "description": "", 
            "file": {
                "filename": "COMPOSI\u00c7\u00c3O DAS COMISS\u00d5ES PERMANENTES 2017.pdf", 
                "height": 0, 
                "size": 32876, 
                "uri": "https://www.saojosedocalcado.es.leg.br/transparencia/atos-administrativos/composicao-das-comissoes-permanentes-2017/@@images/file", 
                "width": 0
            }, 
            "modification_date": "2017-05-22T16:05:06-03:00", 
            "title": "COMPOSI\u00c7\u00c3O DAS COMISS\u00d5ES PERMANENTES 2017", 
            "uri": "https://www.saojosedocalcado.es.leg.br/transparencia/atos-administrativos/composicao-das-comissoes-permanentes-2017"
        }, 
        {
            "creation_date": "2018-08-01T15:40:41-03:00", 
            "description": "", 
            "file": {
                "filename": "TERMO DE NOTIFICA\u00c7\u00c3O REFERENTE AO LEVANTAMENTO RLE - 2015.pdf", 
                "height": 0, 
                "size": 6773238, 
                "uri": "https://www.saojosedocalcado.es.leg.br/transparencia/atos-administrativos/termo-de-notificacao-referente-ao-levantamento-rle-2015/@@images/file", 
                "width": 0
            }, 
            "modification_date": "2018-08-01T15:40:41-03:00", 
            "title": "TERMO DE NOTIFICA\u00c7\u00c3O REFERENTE AO LEVANTAMENTO RLE - 2015", 
            "uri": "https://www.saojosedocalcado.es.leg.br/transparencia/atos-administrativos/termo-de-notificacao-referente-ao-levantamento-rle-2015"
        }, 
        {
            "creation_date": "2020-04-02T11:11:19-03:00", 
            "description": "", 
            "file": {
                "filename": "Oficio - Distribui\u00e7\u00e3o de Merenda Escolar.PDF", 
                "height": 0, 
                "size": 46570, 
                "uri": "https://www.saojosedocalcado.es.leg.br/transparencia/atos-administrativos/oficio-distribuicao-de-merenda-escolar/@@images/file", 
                "width": 0
            }, 
            "modification_date": "2020-04-02T11:11:20-03:00", 
            "title": "Oficio - Distribui\u00e7\u00e3o de Merenda Escolar", 
            "uri": "https://www.saojosedocalcado.es.leg.br/transparencia/atos-administrativos/oficio-distribuicao-de-merenda-escolar"
        }
    ], 
    "licitacoes-e-contratos": [
        {
            "creation_date": "2017-08-16T14:40:04-03:00", 
            "description": "", 
            "modification_date": "2017-08-16T14:40:10-03:00", 
            "title": "Licita\u00e7\u00f5es", 
            "uri": "https://www.saojosedocalcado.es.leg.br/transparencia/licitacoes-e-contratos/copy_of_licitacoes"
        }, 
        {
            "creation_date": "2017-08-25T14:52:25-03:00", 
            "description": "", 
            "modification_date": "2017-08-25T14:52:30-03:00", 
            "title": "Contratos", 
            "uri": "https://www.saojosedocalcado.es.leg.br/transparencia/licitacoes-e-contratos/contratos"
        }, 
        {
            "creation_date": "2017-08-25T15:25:44-03:00", 
            "description": "", 
            "modification_date": "2017-08-25T15:25:47-03:00", 
            "title": "Concursos", 
            "uri": "https://www.saojosedocalcado.es.leg.br/transparencia/licitacoes-e-contratos/concursos"
        }
    ], 
    "orcamento-e-financas": [
        {
            "creation_date": "2016-09-15T11:57:42-03:00", 
            "description": "", 
            "modification_date": "2017-01-03T13:56:12-02:00", 
            "title": "BALANCETE MENSAL", 
            "uri": "https://www.saojosedocalcado.es.leg.br/transparencia/orcamento-e-financas/balancete%20Mensal"
        }, 
        {
            "creation_date": "2016-09-15T12:05:11-03:00", 
            "description": "", 
            "modification_date": "2016-09-23T15:51:57-03:00", 
            "title": "PCA - Presta\u00e7\u00e3o de Contas Anual - Balan\u00e7o Geral ", 
            "uri": "https://www.saojosedocalcado.es.leg.br/transparencia/orcamento-e-financas/pca-prestacao-de-contas-anual-balanco-geral-2014"
        }, 
        {
            "creation_date": "2016-09-15T12:06:13-03:00", 
            "description": "", 
            "modification_date": "2016-09-23T15:54:21-03:00", 
            "title": "PPA - Plano Plurianual", 
            "uri": "https://www.saojosedocalcado.es.leg.br/transparencia/orcamento-e-financas/lPPP%20-%20Plano%20Pluri%20Anual"
        }, 
        {
            "creation_date": "2016-09-15T12:04:39-03:00", 
            "description": "", 
            "modification_date": "2017-05-15T16:25:21-03:00", 
            "title": "OR\u00c7AMENTOS", 
            "uri": "https://www.saojosedocalcado.es.leg.br/transparencia/orcamento-e-financas/orcamentos"
        }, 
        {
            "creation_date": "2016-09-15T11:55:33-03:00", 
            "description": "", 
            "modification_date": "2018-08-06T13:38:58-03:00", 
            "title": "RELAT\u00d3RIO DE GEST\u00c3O FISCAL (RGF) e (LRF)", 
            "uri": "https://www.saojosedocalcado.es.leg.br/transparencia/orcamento-e-financas/relatorio-de-gestao-fiscal-da-camara"
        }, 
        {
            "creation_date": "2017-01-03T10:20:42-02:00", 
            "description": "", 
            "modification_date": "2022-02-01T15:20:05-02:00", 
            "title": "RELATORIO DE EMPENHOS", 
            "uri": "https://www.saojosedocalcado.es.leg.br/transparencia/orcamento-e-financas/empenhos"
        }, 
        {
            "creation_date": "2017-01-03T10:41:01-02:00", 
            "description": "", 
            "modification_date": "2022-02-01T15:20:27-02:00", 
            "title": "RELATORIO DE LIQUIDA\u00c7\u00d5ES", 
            "uri": "https://www.saojosedocalcado.es.leg.br/transparencia/orcamento-e-financas/liquidacoes"
        }, 
        {
            "creation_date": "2017-01-03T11:01:20-02:00", 
            "description": "", 
            "modification_date": "2022-02-01T15:20:38-02:00", 
            "title": "RELATORIO DE ORDEM DE PAGAMENTO", 
            "uri": "https://www.saojosedocalcado.es.leg.br/transparencia/orcamento-e-financas/ordem-de-pagamento"
        }, 
        {
            "creation_date": "2017-07-04T15:11:07-03:00", 
            "description": "", 
            "modification_date": "2022-02-01T15:20:55-02:00", 
            "title": "POSI\u00c7\u00c3O BANC\u00c1RIA", 
            "uri": "https://www.saojosedocalcado.es.leg.br/transparencia/orcamento-e-financas/posicao-bancaria"
        }, 
        {
            "creation_date": "2017-07-04T15:11:44-03:00", 
            "description": "", 
            "modification_date": "2022-02-01T15:21:04-02:00", 
            "title": "CONCILIA\u00c7\u00c3O BANC\u00c1RIA", 
            "uri": "https://www.saojosedocalcado.es.leg.br/transparencia/orcamento-e-financas/conciliacao-bancaria"
        }, 
        {
            "creation_date": "2017-07-04T15:12:15-03:00", 
            "description": "", 
            "modification_date": "2022-02-01T15:21:15-02:00", 
            "title": "RAZ\u00c3O BANC\u00c1RIA", 
            "uri": "https://www.saojosedocalcado.es.leg.br/transparencia/orcamento-e-financas/razao-bancaria"
        }, 
        {
            "creation_date": "2017-07-04T15:12:40-03:00", 
            "description": "", 
            "modification_date": "2022-02-01T15:21:28-02:00", 
            "title": "TERMO DE CONFER\u00caNCIA DE CAIXA", 
            "uri": "https://www.saojosedocalcado.es.leg.br/transparencia/orcamento-e-financas/termo-de-conferencia-de-caixa"
        }
    ], 
    "parlamentares-e-gabinetes": [
        {
            "creation_date": "2018-05-08T16:09:29-03:00", 
            "description": "", 
            "modification_date": "2018-05-08T16:10:28-03:00", 
            "title": "DI\u00c1RIAS", 
            "uri": "https://www.saojosedocalcado.es.leg.br/transparencia/parlamentares-e-gabinetes/copy_of_diarias"
        }
    ], 
    "recursos-humanos": [
        {
            "creation_date": "2019-04-09T16:03:00-03:00", 
            "description": "", 
            "modification_date": "2019-04-09T16:03:05-03:00", 
            "remoteUrl": "http://cmsaojosedocalcado.transparencia-vdf.com.br/Despesas/Diarias", 
            "title": "Di\u00e1rias", 
            "uri": "https://www.saojosedocalcado.es.leg.br/transparencia/recursos-humanos/diarias-2"
        }, 
        {
            "creation_date": "2019-04-09T16:07:58-03:00", 
            "description": "", 
            "modification_date": "2019-04-09T16:08:03-03:00", 
            "remoteUrl": "http://cmsaojosedocalcado.transparencia-vdf.com.br/RH/Folha", 
            "title": "Folha de Pagamento", 
            "uri": "https://www.saojosedocalcado.es.leg.br/transparencia/recursos-humanos/folha-de-pagamento-1"
        }, 
        {
            "creation_date": "2019-04-09T16:22:54-03:00", 
            "description": "", 
            "modification_date": "2019-04-09T16:22:57-03:00", 
            "remoteUrl": "http://cmsaojosedocalcado.transparencia-vdf.com.br/RH/Cargos", 
            "title": "Cargos e Sal\u00e1rios", 
            "uri": "https://www.saojosedocalcado.es.leg.br/transparencia/recursos-humanos/cargos-e-salarios"
        }, 
        {
            "creation_date": "2019-04-09T16:24:09-03:00", 
            "description": "", 
            "modification_date": "2019-04-09T16:24:13-03:00", 
            "remoteUrl": "http://cmsaojosedocalcado.transparencia-vdf.com.br/RH/TotalizacaoFolha", 
            "title": "Totaliza\u00e7\u00e3o da Folha", 
            "uri": "https://www.saojosedocalcado.es.leg.br/transparencia/recursos-humanos/totalizacao-da-folha"
        }, 
        {
            "creation_date": "2019-04-09T16:23:31-03:00", 
            "description": "", 
            "modification_date": "2019-04-09T16:23:35-03:00", 
            "remoteUrl": "http://cmsaojosedocalcado.transparencia-vdf.com.br/RH/Servidores", 
            "title": "Servidores", 
            "uri": "https://www.saojosedocalcado.es.leg.br/transparencia/recursos-humanos/servidores"
        }, 
        {
            "creation_date": "2017-09-15T18:03:08-03:00", 
            "description": "", 
            "modification_date": "2017-09-15T18:03:36-03:00", 
            "title": "Servidores Ativos", 
            "uri": "https://www.saojosedocalcado.es.leg.br/transparencia/recursos-humanos/copy_of_servidores-ativos"
        }, 
        {
            "creation_date": "2017-09-15T18:03:08-03:00", 
            "description": "", 
            "modification_date": "2017-09-15T18:03:36-03:00", 
            "title": "Servidores Contratados", 
            "uri": "https://www.saojosedocalcado.es.leg.br/transparencia/recursos-humanos/servidores-contratados"
        }, 
        {
            "creation_date": "2017-09-15T18:03:09-03:00", 
            "description": "", 
            "modification_date": "2017-09-15T18:03:36-03:00", 
            "title": "Servidores Comissionados", 
            "uri": "https://www.saojosedocalcado.es.leg.br/transparencia/recursos-humanos/servidores-comissionados"
        }
    ]
}