{
    "claims": [
        {
            "area": "ouvidoria", 
            "captcha": "", 
            "cpf": "", 
            "creation_date": "2017-03-17T18:48:04-03:00", 
            "description": "Oi, boa tarde.\r\nGostaria de saber qual o gasto da c\u00e2mara em di\u00e1rias para vereadores e servidores no m\u00eas de janeiro de 2017.\r\nGrato", 
            "kind": "pedido-de-acesso-a-informaassapso", 
            "modification_date": "2017-04-25T14:27:01-03:00", 
            "responses": [
                {
                    "creator": "sjc", 
                    "date": "2017-04-03T14:24:02.141222", 
                    "id": 1, 
                    "review_state": "Moving", 
                    "text": "em an\u00e1lise"
                }, 
                {
                    "creator": "sjc", 
                    "date": "2017-04-25T14:27:01.762487", 
                    "id": 2, 
                    "review_state": "Resolved", 
                    "text": "Resolvida"
                }
            ], 
            "review_state": "resolved", 
            "rg": "", 
            "title": "Diaria", 
            "uri": "https://www.saojosedocalcado.es.leg.br/ouvidoria/20170317184804"
        }, 
        {
            "area": "plenario", 
            "captcha": "", 
            "cpf": "", 
            "creation_date": "2017-04-27T12:37:47-03:00", 
            "description": "Gostaria que vcs me esclarecessem os gastos que  essa casa de Leis ter\u00e1 com essa entrega de T\u00edtulos de cidad\u00e3o Cal\u00e7adense e outros Glamours oferecidos por essa Casa. Gastos estes incluindo tudo,  desde  decora\u00e7\u00e3o, petiscos, gar\u00e7ons etc. Desde j\u00e1 gostaria de deixar claro aos nobres vereadores que a nossa cidade est\u00e1 sem medicamentos, exames, ambul\u00e2ncias nos distritos, carros para m\u00e9dicos dos ESFs fazerem visitas domiciliares onde os idosos est\u00e3o h\u00e1 muito sem visitas, sem material de curativos, sem fazer Preventivos, sem material de limpeza em todos os setores, dentista sem executar trabalho, pois n\u00e3o tem material, sem cartucho para as impressoras... enfim, sem muitas outras coisas. Quero atrav\u00e9s deste, saber quantas pessoas ser\u00e3o homenageadas por cada vereador e qual gasto de cada um. Se esses representantes acham que homenagem enche barriga e cura o doente? vai apenas se comprovar a falta de comprometimento para com o povo.\r\nDesde J\u00e1, agrade\u00e7o e fico no aguardo de uma resposta.\r\n\r\nMaria da Penha de Oliveira Rosa", 
            "kind": "pedido-de-acesso-a-informaassapso", 
            "modification_date": "2017-07-12T13:10:13-03:00", 
            "responses": [
                {
                    "creator": "sjc", 
                    "date": "2017-04-28T15:08:20.394433", 
                    "id": 1, 
                    "review_state": "Accepted", 
                    "text": "Aceito"
                }, 
                {
                    "creator": "sjc", 
                    "date": "2017-04-28T15:09:47.028180", 
                    "id": 2, 
                    "review_state": "Moving", 
                    "text": "Informa\u00e7\u00e3o est\u00e1 tramitando"
                }, 
                {
                    "creator": "sjc", 
                    "date": "2017-07-12T13:10:12.959009", 
                    "id": 3, 
                    "review_state": "Resolved", 
                    "text": "Boa Tarde\r\nInformamos que as Informa\u00e7\u00f5es Solicitadas est\u00e3o em nosso site\r\nSegue link Abaixo para consulta;\r\n\r\nQuanto aos T\u00edtulos de Homenagem que cada vereador solicitou:\r\nhttp://www.saojosedocalcado.es.leg.br/[\u2026]/view?searchterm=honrari\r\n\r\nquanto aos gastos com as homenagens consta em nossos Relat\u00f3rios de Empenho, Liquida\u00e7\u00e3o e Ordens de Pagamentos; segue o link da op\u00e7\u00e3o Contabilidade e Finan\u00e7as:\r\n\r\nhttp://www.saojosedocalcado.es.leg.br/[\u2026]/orcamento-e-financas\r\n\r\nquaisquer d\u00favidas estamos a disposi\u00e7\u00e3o pelo E-sic ou no pr\u00e9dio da C\u00e3mara, no hor\u00e1rio de 12:00 \u00e0s 18:00 hs\r\nAtt\r\nC\u00e2mara Municipal de S\u00e3o Jos\u00e9 do Cal\u00e7ado/ES"
                }
            ], 
            "review_state": "resolved", 
            "rg": "", 
            "title": "Prestar Contas", 
            "uri": "https://www.saojosedocalcado.es.leg.br/ouvidoria/20170427123747"
        }, 
        {
            "area": "plenario", 
            "captcha": "", 
            "cpf": "", 
            "creation_date": "2017-04-25T07:53:26-03:00", 
            "description": "Bom dia!\r\nGostaria de saber desta casa de Leis, sobre a fun\u00e7\u00e3o de seus funcion\u00e1rios, pois olhando o Portal da Transpar\u00eancia, vi que n\u00e3o consta o cargo de Servente. N\u00e3o tenho nada pessoal contra nenhum funcion\u00e1rio e minha inten\u00e7\u00e3o tb n\u00e3o \u00e9 prejudicar nenhum deles. mas sei que tenho DIREITO de tirar minhas d\u00favidas como Cidad\u00e3 Cal\u00e7adense. Segundo Informa\u00e7\u00f5es colhidas, soube que h\u00e1 muitos anos houve concurso para servente e que um gestor passado, concedeu que houvesse desvio de fun\u00e7\u00e3o. At\u00e9 a\u00ed tudo bem. Mas n\u00e3o existe desviar um funcion\u00e1rio e extinguir tal fun\u00e7\u00e3o, j\u00e1 que esta se \u00e9 necess\u00e1ria em todos os setores. Legalmente e atrav\u00e9s de meus direitos solicito tal informa\u00e7\u00e3o.  Aproveito a oportunidade tb para saber qual |Lei ampara aos funcion\u00e1rios a trabalharem apenas 30 h semanais e se recebem horas extras quando trabalham fora de seus hor\u00e1rios em dias de reuni\u00f5es etc.\r\n\r\nAntecipadamente agrade\u00e7o a aten\u00e7\u00e3o,\r\n\r\nMaria da Penha de Oliveira Rosa", 
            "kind": "pedido-de-acesso-a-informaassapso", 
            "modification_date": "2017-07-12T12:54:57-03:00", 
            "responses": [
                {
                    "creator": "sjc", 
                    "date": "2017-04-25T14:35:28.273478", 
                    "id": 1, 
                    "review_state": "Accepted", 
                    "text": "Aceitado"
                }, 
                {
                    "creator": "sjc", 
                    "date": "2017-04-25T14:36:47.973827", 
                    "id": 2, 
                    "review_state": "Moving", 
                    "text": "Tramitando"
                }, 
                {
                    "creator": "sjc", 
                    "date": "2017-07-12T12:54:57.387459", 
                    "id": 3, 
                    "review_state": "Resolved", 
                    "text": "Bom dia\r\nInformamos que esta solicita\u00e7\u00e3o de informa\u00e7\u00e3o consta no nosso Portal, segue o link abaixo onde cont\u00e9m a Estrutura Administrativa e Plano de Carreira, e tamb\u00e9m consta sobre funcion\u00e1rios e suas atribui\u00e7\u00f5es.\r\n\r\nhttp://www.saojosedocalcado.es.leg.br/[\u2026]/estrutura\r\n\r\nmaiores informa\u00e7\u00f5es estamos a disposi\u00e7\u00e3o no pr\u00e9dio da C\u00e3mara Municipal de S\u00e3o Jose do Cal\u00e7ado, nos hor\u00e1rio de 12:00 \u00e0s 18:00 hs\r\n\r\nAtt\r\nCamara Municipal de S\u00e3o Jos\u00e9 do Cal\u00e7ado/ES"
                }
            ], 
            "review_state": "resolved", 
            "rg": "", 
            "title": "Funcion\u00e1rio da C\u00e2mara", 
            "uri": "https://www.saojosedocalcado.es.leg.br/ouvidoria/20170425075326"
        }, 
        {
            "area": "administracao", 
            "captcha": "", 
            "cpf": "", 
            "creation_date": "2018-05-02T16:23:41-03:00", 
            "description": "Boa tarde.\r\nGostaria de saber quanto foi gasto em combust\u00edvel por esta C\u00e2mara Municipal no ano de 2017.\r\nGrato!", 
            "kind": "solicitaassapso", 
            "modification_date": "2018-05-07T15:11:40-03:00", 
            "responses": [
                {
                    "creator": "sjc", 
                    "date": "2018-05-03T14:06:18.179726", 
                    "id": 1, 
                    "review_state": "Accepted", 
                    "text": "Aceito"
                }, 
                {
                    "creator": "sjc", 
                    "date": "2018-05-03T14:06:47.234127", 
                    "id": 2, 
                    "review_state": "Moving", 
                    "text": "em tramita\u00e7\u00e3o"
                }, 
                {
                    "creator": "sjc", 
                    "date": "2018-05-03T15:02:02.164602", 
                    "id": 3, 
                    "review_state": "Resolved", 
                    "text": "Boa Tarde\r\n\r\nOs gastos com combust\u00edvel, juntamente com os demais gastos da C\u00e2mara ficam na pasta \"Relat\u00f3rio de Ordem de Pagamento\" que \u00e9 emitida mensalmente. \r\n\r\nCaminho: Ir no menu Transpar\u00eancia/Contabilidade e Finan\u00e7as/Relat\u00f3rio de Ordem de Pagamento/ e escolher o ano que deseja consultar.\r\n\r\npara ter o valor anual \u00e9 s\u00f3 somar os valores mensais;\r\n\r\npodendo acessar copiando a url abaixo e colar no seu navegador:\r\n\r\nhttp://www.saojosedocalcado.es.leg.br/transparencia/orcamento-e-financas/ordem-de-pagamento/2017/relatorio-de-ordem-de-pagamento-mes-de-setembro-de-2017/view\r\n\r\nQualquer d\u00favida a C\u00e2mara Municipal est\u00e1 a disposi\u00e7\u00e3o\r\n\r\nAgradecemos a participa\u00e7\u00e3o e nosso Portal"
                }, 
                {
                    "creator": "sjc", 
                    "date": "2018-05-07T15:11:40.149401", 
                    "id": 4, 
                    "review_state": "Resolved", 
                    "text": "corrigindo a URL\r\nhttp://www.saojosedocalcado.es.leg.br/transparencia/orcamento-e-financas/ordem-de-pagamento/2017"
                }
            ], 
            "review_state": "resolved", 
            "rg": "", 
            "title": "Gastos", 
            "uri": "https://www.saojosedocalcado.es.leg.br/ouvidoria/20180502162341"
        }, 
        {
            "area": "plenario", 
            "captcha": "", 
            "cpf": "", 
            "creation_date": "2017-04-23T09:44:34-03:00", 
            "description": "Bom Dia senhores e senhoras representantes do Povo.  \r\nAproveito este  ESPA\u00c7O para ter Exclarecimento dos Gastos desta Casa de Leis  quanto \u00e0 entrega de T\u00edtulos de Cidad\u00e3os Cal\u00e7adenses e demais honrarias feitas por esta Casa. Quero saber dos gastos desde a compra destes materiais  at\u00e9 decora\u00e7\u00e3o, comida etc. Todo gasto neste evento, neste Glamour. E Tamb\u00e9m gostaria de saber QUANTOS T\u00cdTULOS  CADA Vereador solicitou. Espero que esses representantes tenham consci\u00eancia que nosso Munic\u00edpio est\u00e1 sem rem\u00e9dio, sem material para curativos,sem material de limpeza,  sem cadeiras para os funcion\u00e1rios  trabalharem, sem cadeiras at\u00e9 para o idoso sentar para aferir sua press\u00e3o como as vereadoras F\u00e1tima Cristina,  F\u00e1tima Sim\u00f5es e Adalgisa puderam presenciar no posto do ESF /Sede, onde trabalho. A vereadora Adalgisa at\u00e9 fotografou em seu celular. N\u00e3o acredito que Representantes do Povo, em vez de lutar para se ter o que nos \u00e9 de direito, v\u00e3o GASTAR com coisas que n\u00e3o salvam vidas e nem enchem a barriga. Estou no aguardo de uma resposta. \r\nCidad\u00e3 e Servidora lesada em meu sal\u00e1rio,\r\nMaria da Penha de Oliveira Rosa", 
            "kind": "pedido-de-acesso-a-informaassapso", 
            "modification_date": "2017-07-12T13:06:28-03:00", 
            "responses": [
                {
                    "creator": "sjc", 
                    "date": "2017-04-25T14:38:57.469143", 
                    "id": 1, 
                    "review_state": "Accepted", 
                    "text": "Aceitado"
                }, 
                {
                    "creator": "sjc", 
                    "date": "2017-04-25T14:39:10.759184", 
                    "id": 2, 
                    "review_state": "Moving", 
                    "text": "Tramitando"
                }, 
                {
                    "creator": "sjc", 
                    "date": "2017-07-12T13:06:28.490520", 
                    "id": 3, 
                    "review_state": "Resolved", 
                    "text": "Boa Tarde\r\nInformamos que as Informa\u00e7\u00f5es Solicitadas est\u00e3o em nosso site\r\nSegue link Abaixo para consulta;\r\n\r\nQuanto aos T\u00edtulos de Homenagem que cada vereador solicitou:\r\nhttp://www.saojosedocalcado.es.leg.br/transparencia/atos-oficiais/honrarias-concedidas-em-2017/view?searchterm=honrari\r\n\r\nquanto aos gastos com as homenagens consta em nossos Relat\u00f3rios de Empenho, Liquida\u00e7\u00e3o e Ordens de Pagamentos; segue o link da op\u00e7\u00e3o Contabilidade e Finan\u00e7as:\r\n\r\nhttp://www.saojosedocalcado.es.leg.br/transparencia/orcamento-e-financas\r\n\r\nquaisquer d\u00favidas estamos a disposi\u00e7\u00e3o pelo E-sic ou no pr\u00e9dio da C\u00e3mara, no hor\u00e1rio de 12:00 \u00e0s 18:00 hs\r\nAtt\r\nC\u00e2mara Municipal de S\u00e3o Jos\u00e9 do Cal\u00e7ado/ES"
                }
            ], 
            "review_state": "resolved", 
            "rg": "", 
            "title": "Gastos", 
            "uri": "https://www.saojosedocalcado.es.leg.br/ouvidoria/20170423094434"
        }, 
        {
            "area": "ouvidoria", 
            "captcha": "", 
            "cpf": "", 
            "creation_date": "2017-09-12T14:30:18-03:00", 
            "description": "Gostaria de saber em qual link acesso para visualizar convoca\u00e7\u00e3o do ultimo concurso onde detalha cada servidor em seu respectivo cargo.\r\n\r\nObrigada\r\n\r\nPenha Rosa", 
            "kind": "pedido-de-acesso-a-informaassapso", 
            "modification_date": "2017-09-15T14:08:03-03:00", 
            "responses": [
                {
                    "creator": "sjc", 
                    "date": "2017-09-13T13:31:15.336165", 
                    "id": 1, 
                    "review_state": "Accepted", 
                    "text": "Aceito"
                }, 
                {
                    "creator": "sjc", 
                    "date": "2017-09-13T13:39:51.750882", 
                    "id": 2, 
                    "review_state": "Moving", 
                    "text": "Em Tramita\u00e7\u00e3o, estamos providenciando o link de acesso para acesso!"
                }, 
                {
                    "creator": "sjc", 
                    "date": "2017-09-15T14:08:03.722461", 
                    "id": 3, 
                    "review_state": "Resolved", 
                    "text": "Boa Tarde\r\nSegue o link onde est\u00e3o inserido os dados do concurso p\u00fablico de 2002 (Edital, Convoca\u00e7\u00e3o e Homologa\u00e7\u00e3o)\r\n\r\nhttp://www.saojosedocalcado.es.leg.br/transparencia/licitacoes-e-contratos/concursos\r\n\r\nagradecemos a participa\u00e7\u00e3o e estamos a disposi\u00e7\u00e3o para qualquer d\u00favida\r\natt\r\nC\u00e2mara Municipal de S\u00e3o Jos\u00e9 do Cal\u00e7ado/ES"
                }
            ], 
            "review_state": "resolved", 
            "rg": "", 
            "title": "Convoca\u00e7\u00e3o", 
            "uri": "https://www.saojosedocalcado.es.leg.br/ouvidoria/20170912143018"
        }, 
        {
            "area": "ouvidoria", 
            "captcha": "", 
            "cpf": "", 
            "creation_date": "2017-07-12T08:59:14-03:00", 
            "description": "Bom Dia!\r\n\r\n   To apavorada com o descaso desta casa de Leis qto as d\u00favidas do povo. Eu, como cidad\u00e3 tenho direito a esclarecimentos.\r\nDesde 27/04/2017 estou aguardando a resposta de vcs quanto ao Protocolo Protocolo: 20170427123747 ou ser\u00e1 que o acesso a esse Site n\u00e3o vale para obtermos esclarecimentos?????\r\n\r\n\r\n\r\nContinuo no aguardo, mas tudo tem seu prazo.\r\n\r\nO prazo de  30 dias j\u00e1 se passaram por duas vezes.\r\n\r\nObrigada\r\n\r\nPenha Rosa", 
            "kind": "reclamaassapso", 
            "modification_date": "2017-07-12T13:11:41-03:00", 
            "responses": [
                {
                    "creator": "sjc", 
                    "date": "2017-07-12T12:31:08.244869", 
                    "id": 1, 
                    "review_state": "Pending", 
                    "text": "Aceitado"
                }, 
                {
                    "creator": "sjc", 
                    "date": "2017-07-12T12:31:57.688140", 
                    "id": 2, 
                    "review_state": "Moving", 
                    "text": "Tramitando"
                }, 
                {
                    "creator": "sjc", 
                    "date": "2017-07-12T13:11:41.447316", 
                    "id": 3, 
                    "review_state": "Resolved", 
                    "text": "Boa Tarde\r\nInformamos que as Informa\u00e7\u00f5es Solicitadas est\u00e3o em nosso site\r\nSegue link Abaixo para consulta;\r\n\r\nQuanto aos T\u00edtulos de Homenagem que cada vereador solicitou:\r\nhttp://www.saojosedocalcado.es.leg.br/[\u2026]/view?searchterm=honrari\r\n\r\nquanto aos gastos com as homenagens consta em nossos Relat\u00f3rios de Empenho, Liquida\u00e7\u00e3o e Ordens de Pagamentos; segue o link da op\u00e7\u00e3o Contabilidade e Finan\u00e7as:\r\n\r\nhttp://www.saojosedocalcado.es.leg.br/[\u2026]/orcamento-e-financas\r\n\r\nquaisquer d\u00favidas estamos a disposi\u00e7\u00e3o pelo E-sic ou no pr\u00e9dio da C\u00e3mara, no hor\u00e1rio de 12:00 \u00e0s 18:00 hs\r\nAtt\r\nC\u00e2mara Municipal de S\u00e3o Jos\u00e9 do Cal\u00e7ado/ES"
                }
            ], 
            "review_state": "resolved", 
            "rg": "", 
            "title": "Falta de Resposta", 
            "uri": "https://www.saojosedocalcado.es.leg.br/ouvidoria/20170712085914"
        }, 
        {
            "area": "ouvidoria", 
            "captcha": "", 
            "cpf": "", 
            "creation_date": "2019-02-08T14:21:40-02:00", 
            "description": "sou moradora do municipio de Bebedouro estado de s\u00e3o paulo estou a procura de uma moradora  do municipio de s\u00e3o jose do cal\u00e7ado  pois meu irm\u00e3o conviveu com ela e perdemos o contato dele queremos saber o que aconteceu com ele pois ficamos sem noticias se poderem nos ajudar agradecemos meu imail \u00e9 iris.pereira_viana@live.com obrigado .o nome dele \u00e9 valter pereira viana e estaria com 41 anos de idade.", 
            "kind": "pedido-de-acesso-a-informaassapso", 
            "modification_date": "2019-02-11T14:27:33-02:00", 
            "responses": [
                {
                    "creator": "sjc", 
                    "date": "2019-02-11T14:26:08.093475", 
                    "id": 1, 
                    "review_state": "Moving", 
                    "text": "Tramitando\r\n"
                }, 
                {
                    "creator": "sjc", 
                    "date": "2019-02-11T14:27:19.221540", 
                    "id": 2, 
                    "review_state": "Moving", 
                    "text": "Vamos ajudar a Divulgar\r\nqualquer not\u00edcias entraremos em contato\r\natt\r\nCamara Municipal de S\u00e3o Jose do Cal\u00e7ado"
                }, 
                {
                    "creator": "sjc", 
                    "date": "2019-02-11T14:27:33.707125", 
                    "id": 3, 
                    "review_state": "Resolved", 
                    "text": "Vamos ajudar a Divulgar\r\nqualquer not\u00edcias entraremos em contato\r\natt\r\nCamara Municipal de S\u00e3o Jose do Cal\u00e7ado"
                }
            ], 
            "review_state": "resolved", 
            "rg": "", 
            "title": "procurando uma moradora chamada sueli", 
            "uri": "https://www.saojosedocalcado.es.leg.br/ouvidoria/20190208142140"
        }, 
        {
            "area": "ouvidoria", 
            "captcha": "", 
            "cpf": "", 
            "creation_date": "2017-09-20T10:32:03-03:00", 
            "description": "Pq n\u00e3o existe o cargo de Servente HOJE atuando nessa casa de Leis????? Se  houve Concurso e nesse existia tal cargo??? \r\n\r\nFoi Homologado pelo Presidente Marcos Lopes Gon\u00e7alves em 03/06/2002. E Hoje olhando na folha de pagamento dessa casa de Leis n\u00e3o existe esse cargo. Gostaria que tirassem minha d\u00favida. Se houve mudan\u00e7a de cargo, gostaria de saber de que forma foi feito, e quem autorizou essa mudan\u00e7a. Pois se isso for \"LEGAL\" gostaria de saber se podem mudar minha e de outros colegas a fun\u00e7\u00e3o de Auxiliar de Enfermagem para T\u00e9cnica de Enfermagem. Por isso estou querendo que vcs tirem minha d\u00favida.\r\nObrigada\r\n\r\nPenha Rosa\r\n\r\nOBS: Que fique claro que n\u00e3o \u00e9 nada PESSOAL, mas como CIDAD\u00c3, tenho DIREITO de saber como foi realizado tal mudan\u00e7a.", 
            "kind": "daovida", 
            "modification_date": "2017-09-20T13:21:36-03:00", 
            "responses": [
                {
                    "creator": "sjc", 
                    "date": "2017-09-20T13:11:29.255249", 
                    "id": 1, 
                    "review_state": "Pending", 
                    "text": "Aceito"
                }, 
                {
                    "creator": "sjc", 
                    "date": "2017-09-20T13:14:00.205260", 
                    "id": 2, 
                    "review_state": "Moving", 
                    "text": "Tramitando"
                }, 
                {
                    "creator": "sjc", 
                    "date": "2017-09-20T13:21:36.070096", 
                    "id": 3, 
                    "review_state": "Resolved", 
                    "text": "Boa Tarde\r\nEm Resposta da sua d\u00favida, informamos que a resolu\u00e7\u00e3o n\u00ba 225/2005, no artigo 4, consta altera\u00e7\u00e3o dos cargos onde foram extintos, passando a ter denomina\u00e7\u00e3o que hoje consta no Plano de Carreira da C\u00e2mara.\r\nA Resolu\u00e7\u00e3o Consta no Site: Link Abaixo:\r\n\r\nhttp://www.saojosedocalcado.es.leg.br/institucional/estrutura/estrutura-administrativa-e-plano-de-carreira-1/view\r\n\r\nNa P\u00e1gina 27 da estrutura e Plano de carreira consta a Altera\u00e7\u00e3o, Aprovada por esta Casa de Leis.\r\n\r\nQualquer d\u00favida estamos a disposi\u00e7\u00e3o.\r\n\r\nAtt\r\n\r\nC\u00e2mara Municipal de S\u00e3o Jos\u00e9 do Cal\u00e7ado/ES"
                }
            ], 
            "review_state": "resolved", 
            "rg": "", 
            "title": "Fun\u00e7\u00e3o", 
            "uri": "https://www.saojosedocalcado.es.leg.br/ouvidoria/20170920103203"
        }, 
        {
            "area": "assessoria-legislativa-e-juridica", 
            "captcha": "", 
            "cpf": "", 
            "creation_date": "2018-09-12T14:17:02-03:00", 
            "description": "Prezado,\r\n\r\nO im\u00f3vel cujo endere\u00e7o \u00e9 Pra\u00e7a Coronel Jos\u00e9 Dutra Nic\u00e1rio, n\u00b0130 onde est\u00e1 sendo ocupado pela C\u00e2mara de S\u00e3o Jos\u00e9 do Cal\u00e7ado, foi ocupado, outrora, pelo F\u00f3rum desta cidade, que hoje funciona na Avenida Heber de Fonseca, s/n, Jo\u00e3o Marcelino de Freitas, S\u00e3o Jos\u00e9 do Cal\u00e7ado.\r\n\r\nEncontramos em nossos arquivos a Lei 318 de  19/09/67 que diz respeito ao supracitado im\u00f3vel. No entanto, n\u00e3o temos o texto da Lei. Solicito, por esta raz\u00e3o o envio da mesma e solicito informa\u00e7\u00e3o a respeito deste im\u00f3vel.\r\n\r\nSaberia informar se este im\u00f3vel foi doado ao Poder Judici\u00e1rio?", 
            "kind": "pedido-de-acesso-a-informaassapso", 
            "modification_date": "2018-09-17T13:28:35-03:00", 
            "responses": [
                {
                    "creator": "sjc", 
                    "date": "2018-09-13T14:45:23.966758", 
                    "id": 1, 
                    "review_state": "Accepted", 
                    "text": "Em Tramita\u00e7\u00e3o"
                }, 
                {
                    "creator": "sjc", 
                    "date": "2018-09-17T13:28:35.228114", 
                    "id": 2, 
                    "review_state": "Resolved", 
                    "text": "Boa tarde;\r\nSegue em anexo a Lei 318 conforme solicitado, esta Lei encontra-se em um livro antigo de Leis, sendo esta lei escrita em m\u00e3os. digitalizamos a mesma e j\u00e1 est\u00e1 dispon\u00edvel em nosso Portal.\r\nseguem tamb\u00e9m a nexo a c\u00f3pia da mesma.\r\nAtt\r\nC\u00e2mara Municipal de S\u00e3o Jose do Cal\u00e7ado"
                }
            ], 
            "review_state": "resolved", 
            "rg": "", 
            "title": "PROCESSO 2012.00.361.172.LEI 318 de 19/09/67", 
            "uri": "https://www.saojosedocalcado.es.leg.br/ouvidoria/20180912141702"
        }, 
        {
            "area": "ouvidoria", 
            "captcha": "", 
            "cpf": "", 
            "creation_date": "2017-07-12T08:51:28-03:00", 
            "description": "Bom Dia!\r\n\r\nEstou aguardando resposta do Protocolo N\u00famero 20170425075326.\r\n\r\n\r\nO povo merece respeito e Transparencia!\r\n\r\nContinuo no aguardo!\r\n\r\n\r\nPenha Rosa", 
            "kind": "daovida", 
            "modification_date": "2017-07-12T12:53:12-03:00", 
            "responses": [
                {
                    "creator": "sjc", 
                    "date": "2017-07-12T12:30:30.533159", 
                    "id": 1, 
                    "review_state": "Pending", 
                    "text": "Aceitado"
                }, 
                {
                    "creator": "sjc", 
                    "date": "2017-07-12T12:32:14.523094", 
                    "id": 2, 
                    "review_state": "Moving", 
                    "text": "Tramitando"
                }, 
                {
                    "creator": "sjc", 
                    "date": "2017-07-12T12:53:12.824380", 
                    "id": 3, 
                    "review_state": "Resolved", 
                    "text": "Bom dia\r\nInformamos que esta solicita\u00e7\u00e3o de informa\u00e7\u00e3o consta no nosso Portal, segue o link abaixo onde cont\u00e9m a Estrutura Administrativa e Plano de Carreira\r\n\r\nhttp://www.saojosedocalcado.es.leg.br/institucional/estrutura\r\n\r\nmaiores informa\u00e7\u00f5es estamos a disposi\u00e7\u00e3o no pr\u00e9dio da C\u00e3mara Municipal de S\u00e3o Jose do Cal\u00e7ado, nos hor\u00e1rio de 12:00 \u00e0s 18:00 hs\r\n\r\nAtt\r\nCamara Municipal de S\u00e3o Jos\u00e9 do Cal\u00e7ado/ES"
                }
            ], 
            "review_state": "resolved", 
            "rg": "", 
            "title": "Funcion\u00e1rios da C\u00e2mara", 
            "uri": "https://www.saojosedocalcado.es.leg.br/ouvidoria/20170712085128"
        }, 
        {
            "area": "ouvidoria", 
            "captcha": "", 
            "cpf": "", 
            "creation_date": "2019-02-08T14:21:43-02:00", 
            "description": "sou moradora do municipio de Bebedouro estado de s\u00e3o paulo estou a procura de uma moradora  do municipio de s\u00e3o jose do cal\u00e7ado  pois meu irm\u00e3o conviveu com ela e perdemos o contato dele queremos saber o que aconteceu com ele pois ficamos sem noticias se poderem nos ajudar agradecemos meu imail \u00e9 iris.pereira_viana@live.com obrigado .o nome dele \u00e9 valter pereira viana e estaria com 41 anos de idade.", 
            "kind": "pedido-de-acesso-a-informaassapso", 
            "modification_date": "2019-02-12T13:13:24-02:00", 
            "responses": [
                {
                    "creator": "sjc", 
                    "date": "2019-02-12T13:13:12.060746", 
                    "id": 1, 
                    "review_state": "Accepted", 
                    "text": "Aceito"
                }, 
                {
                    "creator": "sjc", 
                    "date": "2019-02-12T13:13:24.657481", 
                    "id": 2, 
                    "review_state": "Resolved", 
                    "text": "Resolvido"
                }
            ], 
            "review_state": "resolved", 
            "rg": "", 
            "title": "procurando uma moradora chamada sueli", 
            "uri": "https://www.saojosedocalcado.es.leg.br/ouvidoria/20190208142143"
        }, 
        {
            "area": "plenario", 
            "captcha": "", 
            "cpf": "", 
            "creation_date": "2017-03-14T14:49:40-03:00", 
            "description": "Ol\u00e1 boa tarde, \r\n\r\nA pra\u00e7a da vala est\u00e1 totalmente largada, est\u00e3o roubando as madeiras de lei da cobertura, roubando ilumina\u00e7\u00e3o - A caixa de ilumina\u00e7\u00e3o est\u00e1 exposta ao tempo podendo causar curto circuito e um preju\u00edzo ainda maior ao munic\u00edpio , est\u00e1 toda quebrada - a academia popular toda quebrada - parquinho todo quebrado - muito simples de se resolver: colocar algu\u00e9m para dar manuten\u00e7\u00e3o pois esses equipamentos precisam de manuten\u00e7\u00e3o constante. Cal\u00e7amento do bairro maria jos\u00e9 pimentel = ningu\u00e9m consegue resolver \u00e9 a mesma novela que vcs conhecem todo ano. Senhores isso tem que acabar. Voc\u00eas vereadores: unam-se ! ningu\u00e9m investe mais em cal\u00e7ado pois sabe que aqui \" nada pode\" nem \" d\u00e1 certo\" isso tem que mudar - precisamos de um legislativo sem medo, um prefeito ativo e com coragem de inovar. \r\n\r\nO sucesso de uma gest\u00e3o n\u00e3o depende de dinheiro, e sim intelig\u00eancia/trabalho duro.\r\n\r\nAtt", 
            "kind": "sugestapso", 
            "modification_date": "2017-04-25T14:40:29-03:00", 
            "responses": [
                {
                    "creator": "sjc", 
                    "date": "2017-04-03T14:25:29.237003", 
                    "id": 1, 
                    "review_state": "Accepted", 
                    "text": "em an\u00e1lise"
                }, 
                {
                    "creator": "sjc", 
                    "date": "2017-04-03T14:25:46.210209", 
                    "id": 2, 
                    "review_state": "Moving", 
                    "text": "em an\u00e1lise"
                }, 
                {
                    "creator": "sjc", 
                    "date": "2017-04-25T14:40:29.024918", 
                    "id": 3, 
                    "review_state": "Resolved", 
                    "text": "Resolvida"
                }
            ], 
            "review_state": "resolved", 
            "rg": "", 
            "title": "Informa\u00e7\u00e3o Importante", 
            "uri": "https://www.saojosedocalcado.es.leg.br/ouvidoria/20170314144940"
        }, 
        {
            "area": "administracao", 
            "captcha": "", 
            "cpf": "", 
            "creation_date": "2017-03-30T21:29:04-03:00", 
            "description": "Solicito ao Presidente da C\u00e2mara e demais respons\u00e1veis informa\u00e7\u00f5es refentes a aus\u00eancia dos v\u00eddeos das sess\u00f5es realizadas no corrente ano, e porque deixaram de ser postados no site desde maio/2016?\r\n\r\nA C\u00e2mara tem alguma empresa terceirizada que presta servi\u00e7os de inform\u00e1tica?\r\nQuais as atribui\u00e7\u00f5es desta empresa?\r\nO site \u00e9 bem simples, logo, \u00e9 no m\u00ednimo estranho a aus\u00eancia desses v\u00eddeos.\r\n\r\nDesde j\u00e1 agrade\u00e7o a aten\u00e7\u00e3o.", 
            "kind": "pedido-de-acesso-a-informaassapso", 
            "modification_date": "2017-04-03T14:13:21-03:00", 
            "responses": [
                {
                    "creator": "sjc", 
                    "date": "2017-03-31T12:51:08.452082", 
                    "id": 1, 
                    "review_state": "Pending", 
                    "text": "Boa Tarde Pedro;\r\n\r\nQuanto a aus\u00eancia dos v\u00eddeos das  sess\u00f5es da C\u00e2mara j\u00e1 est\u00e1 sendo tomadas as provid\u00eancias para que estejam todos no site dentro de no m\u00e1ximo de 15 dias, inclusive ser\u00e1 transmitido ao vivo a partir da pr\u00f3xima Sess\u00e3o. O site da C\u00e2mara \u00e9 cedido pela Interlegis e no ano passado ele foi reformulado pela Interlegis e ficou um tempo sem poder ser alimentado, pois estava aguardando o t\u00e9rmino da atualiza\u00e7\u00e3o feita em Bras\u00edlia, e t\u00ednhamos um problema com internet baixa, um link com velocidade superior foi instalado essa semana, ent\u00e3o o servi\u00e7o, ent\u00e3o as informa\u00e7\u00f5es ser\u00e3o postadas mais r\u00e1pido,O contrato com  a firma que presta servi\u00e7os de informatica foi feito esse m\u00eas e a firma j\u00e1 est\u00e1 realizando as providencias em rela\u00e7ao a melhoria do Site.\r\nAgradecemos sua colabora\u00e7\u00e3o, estamos sempre abertos a responder quaisquer questionamentos em rela\u00e7\u00e3o a C\u00e2mara.\r\natt\r\nC\u00e2mara Municipal de S\u00e3o Jos\u00e9 do Cal\u00e7ado/ES"
                }, 
                {
                    "creator": "sjc", 
                    "date": "2017-04-03T14:12:36.689983", 
                    "id": 2, 
                    "review_state": "Moving", 
                    "text": "Quanto a aus\u00eancia dos v\u00eddeos das sess\u00f5es da C\u00e2mara j\u00e1 est\u00e1 sendo tomadas as provid\u00eancias para que estejam todos no site dentro de no m\u00e1ximo de 15 dias, inclusive ser\u00e1 transmitido ao vivo a partir da pr\u00f3xima Sess\u00e3o. O site da C\u00e2mara \u00e9 cedido pela Interlegis e no ano passado ele foi reformulado pela Interlegis e ficou um tempo sem poder ser alimentado, pois estava aguardando o t\u00e9rmino da atualiza\u00e7\u00e3o feita em Bras\u00edlia, e t\u00ednhamos um problema com internet baixa, um link com velocidade superior foi instalado essa semana, ent\u00e3o o servi\u00e7o, ent\u00e3o as informa\u00e7\u00f5es ser\u00e3o postadas mais r\u00e1pido,O contrato com a firma que presta servi\u00e7os de informatica foi feito esse m\u00eas e a firma j\u00e1 est\u00e1 realizando as providencias em rela\u00e7ao a melhoria do Site.\r\nAgradecemos sua colabora\u00e7\u00e3o, estamos sempre abertos a responder quaisquer questionamentos em rela\u00e7\u00e3o a C\u00e2mara.\r\natt\r\nC\u00e2mara Municipal de S\u00e3o Jos\u00e9 do Cal\u00e7ado/ES"
                }, 
                {
                    "creator": "sjc", 
                    "date": "2017-04-03T14:13:21.507900", 
                    "id": 3, 
                    "review_state": "Resolved", 
                    "text": "enviado pelo email"
                }
            ], 
            "review_state": "resolved", 
            "rg": "", 
            "title": "P\u00e9ssimo Funcionamento do Site da C\u00e2mara", 
            "uri": "https://www.saojosedocalcado.es.leg.br/ouvidoria/20170330212904"
        }, 
        {
            "area": "ouvidoria", 
            "captcha": "", 
            "cpf": "", 
            "creation_date": "2017-09-14T16:42:46-03:00", 
            "description": "Oi, boa tarde.\r\nGostaria de saber qual o gasto da c\u00e2mara em di\u00e1rias para vereadores e servidores no m\u00eas de agosto de 2017.\r\nGrato", 
            "kind": "pedido-de-acesso-a-informaassapso", 
            "modification_date": "2017-09-15T12:57:19-03:00", 
            "responses": [
                {
                    "creator": "sjc", 
                    "date": "2017-09-15T12:54:45.739724", 
                    "id": 1, 
                    "review_state": "Accepted", 
                    "text": "Aceito"
                }, 
                {
                    "creator": "sjc", 
                    "date": "2017-09-15T12:55:04.051049", 
                    "id": 2, 
                    "review_state": "Moving", 
                    "text": "Tramitando"
                }, 
                {
                    "creator": "sjc", 
                    "date": "2017-09-15T12:57:19.133697", 
                    "id": 3, 
                    "review_state": "Resolved", 
                    "text": "Boa Tarde, os gastos referente as di\u00e1rias dos vereadores e servidores encontram-se no link abaixo:\r\n\r\nhttp://www.saojosedocalcado.es.leg.br/transparencia/parlamentares-e-gabinetes/diarias/2017\r\n\r\nAgradecemos a participa\u00e7\u00e3o e colocamos a disposi\u00e7\u00e3o."
                }
            ], 
            "review_state": "resolved", 
            "rg": "", 
            "title": "Gastos", 
            "uri": "https://www.saojosedocalcado.es.leg.br/ouvidoria/20170914164246"
        }, 
        {
            "area": "administracao", 
            "captcha": "", 
            "cpf": "", 
            "creation_date": "2019-03-23T17:48:25-03:00", 
            "description": "Ol\u00e1, prezados, eu gostaria de solicitar junto a esta C\u00e2mara de Vereadores as informa\u00e7\u00f5es abaixo relacionadas em forma de question\u00e1rio:\r\n\r\n1- Qual o sal\u00e1rio atual dos vereadores? \r\nEles recebem 13\u00ba e/ou f\u00e9rias? Se sim, desde qual ano?\r\n\r\n2- O presidente tem sal\u00e1rio diferenciado?\r\nSe sim, qual o sal\u00e1rio do presidente da C\u00e2mara?\r\n\r\n3- Os vereadores desta C\u00e2mara recebem gratifica\u00e7\u00f5es (compensa\u00e7\u00f5es pelo exerc\u00edcio de outras fun\u00e7\u00f5es, como cargos em mesa diretora ou participa\u00e7\u00e3o em comiss\u00f5es permanentes da Casa)? \r\nQuais s\u00e3o elas e quanto foi pago em 2018 por vereador?\r\n\r\n4- Os vereadores t\u00eam direito a verbas indenizat\u00f3rias? \r\nQuais s\u00e3o elas? Como s\u00e3o pagas? Quem recebeu e quanto recebeu em 2018?\r\n\r\n5- H\u00e1 pagamento de verba de gabinete, destinada \u00e0 contrata\u00e7\u00e3o de assessores, servi\u00e7os gr\u00e1ficos e postais, consultorias, telefonia, entre outros? De quanto? Quanto foi pago e a quais vereadores em 2018?\r\n\r\n6- Qual foi o gasto dos vereadores com di\u00e1rias em 2018? Por favor, especificar o gasto por vereador.", 
            "kind": "pedido-de-acesso-a-informaassapso", 
            "modification_date": "2019-04-03T15:19:03-03:00", 
            "responses": [
                {
                    "creator": "sjc", 
                    "date": "2019-03-25T14:50:25.967379", 
                    "id": 1, 
                    "review_state": "Moving", 
                    "text": "Tramitando"
                }, 
                {
                    "creator": "sjc", 
                    "date": "2019-04-03T15:19:03.232941", 
                    "id": 2, 
                    "review_state": "Resolved", 
                    "text": "Solicita\u00e7\u00e3o atendida e enviada por email.\r\n\r\n"
                }
            ], 
            "review_state": "resolved", 
            "rg": "", 
            "title": "Pedido de informa\u00e7\u00f5es", 
            "uri": "https://www.saojosedocalcado.es.leg.br/ouvidoria/20190323174825"
        }, 
        {
            "area": "ouvidoria", 
            "captcha": "", 
            "cpf": "", 
            "creation_date": "2018-09-17T18:44:28-03:00", 
            "description": "Em rela\u00e7\u00e3o aos gastos com servi\u00e7os de impress\u00e3o dessa entidade, solicito as seguintes informa\u00e7\u00f5es/documentos:\r\n1)\tOs servi\u00e7os de impress\u00e3o s\u00e3o realizados com equipamentos pr\u00f3prios e/ou s\u00e3o terceirizados (ex. loca\u00e7\u00e3o e outsourcing)? \r\n2)\tNo caso de existir algum tipo de terceiriza\u00e7\u00e3o, c\u00f3pia do contrato de outsourcing/loca\u00e7\u00e3o atualmente vigente e o gasto total no per\u00edodo de janeiro a junho de 2018 para essa contrata\u00e7\u00e3o. \r\n3)\tNo caso de exist\u00eancia de equipamentos pr\u00f3prios, c\u00f3pia do contrato de manuten\u00e7\u00e3o (se houver) e o gasto total no per\u00edodo de janeiro a junho de 2018 para essa contrata\u00e7\u00e3o.\r\n\r\nSeguindo o que disp\u00f5e o art. 3\u00ba, inciso III, e o art. 11, \u00a7 5\u00ba, da LAI, requeiro que o fornecimento seja feito em formato digital e enviado para o e-mail informado.", 
            "kind": "pedido-de-acesso-a-informaassapso", 
            "modification_date": "2018-10-01T14:26:26-03:00", 
            "responses": [
                {
                    "creator": "sjc", 
                    "date": "2018-09-18T10:33:59.872660", 
                    "id": 1, 
                    "review_state": "Accepted", 
                    "text": "ACEITO"
                }, 
                {
                    "creator": "sjc", 
                    "date": "2018-09-18T10:34:15.040617", 
                    "id": 2, 
                    "review_state": "Moving", 
                    "text": "EM TRAMITA\u00c7\u00c3O"
                }, 
                {
                    "creator": "sjc", 
                    "date": "2018-10-01T14:26:26.333402", 
                    "id": 3, 
                    "review_state": "Resolved", 
                    "text": "Resolvida, encaminhado via email"
                }
            ], 
            "review_state": "resolved", 
            "rg": "", 
            "title": "servi\u00e7os de impress\u00e3o", 
            "uri": "https://www.saojosedocalcado.es.leg.br/ouvidoria/20180917184428"
        }
    ], 
    "ombudsoffices": [
        {
            "areas": [
                {
                    "area": "Administra\u00e7\u00e3o", 
                    "email": "camarasjcouvidoria@gmail.com", 
                    "responsible": "Nome do Respons\u00e1vel pela \u00c1rea"
                }, 
                {
                    "area": "Assessoria Legislativa e Jur\u00eddica", 
                    "email": "camarasjcouvidoria@gmail.com", 
                    "responsible": "Nome do Respons\u00e1vel pela \u00c1rea"
                }, 
                {
                    "area": "Comiss\u00f5es", 
                    "email": "camarasjcouvidoria@gmail.com", 
                    "responsible": "Nome do Respons\u00e1vel pela \u00c1rea"
                }, 
                {
                    "area": "Ouvidoria", 
                    "email": "camarasjcouvidoria@gmail.com", 
                    "responsible": "Nome do Respons\u00e1vel pela \u00c1rea"
                }, 
                {
                    "area": "Secretaria Legislativa", 
                    "email": "camarasjcouvidoria@gmail.com", 
                    "responsible": "Nome do Respons\u00e1vel pela \u00c1rea"
                }, 
                {
                    "area": "Plen\u00e1rio", 
                    "email": "camarasjcouvidoria@gmail.com", 
                    "responsible": "Nome do Respons\u00e1vel pela \u00c1rea"
                }
            ], 
            "claim_types": [
                {
                    "claim_type": "Den\u00fancia"
                }, 
                {
                    "claim_type": "D\u00favida"
                }, 
                {
                    "claim_type": "Elogio"
                }, 
                {
                    "claim_type": "Pedido de Acesso \u00e0 Informa\u00e7\u00e3o"
                }, 
                {
                    "claim_type": "Solicita\u00e7\u00e3o"
                }, 
                {
                    "claim_type": "Sugest\u00e3o"
                }, 
                {
                    "claim_type": "Reclama\u00e7\u00e3o"
                }
            ], 
            "description": "Sistema Eletr\u00f4nico de Informa\u00e7\u00f5es ao Cidad\u00e3o (e-SIC), que controla as demandas dos cidad\u00e3os \u00e0 Casa Legislativa, permitindo seu acompanhamento e pesquisas.\r\nEmail para Contato: camarasjcouvidoria@gmail.com", 
            "display_claims": true, 
            "email_template": "", 
            "email_template_states": "", 
            "managers": [], 
            "title": "Informa\u00e7\u00f5es ao Cidad\u00e3o (e-SIC) - Ouvidoria", 
            "uri": "https://www.saojosedocalcado.es.leg.br/ouvidoria"
        }
    ]
}