{"provider_url": "https://www.saojosedocalcado.es.leg.br", "title": "PELA SA\u00daDE E SEGURAN\u00c7A DO TRABALHO", "html": "<div>\r\n<div>\r\n<div>\r\n<p>Especialmente no m\u00eas de abril, o\u00a0Movimento Abril Verde\u00a0tem como objetivo disseminar e conscientizar os empregadores, trabalhadores e toda a popula\u00e7\u00e3o sobre a implanta\u00e7\u00e3o de a\u00e7\u00f5es de preven\u00e7\u00e3o de acidentes e doen\u00e7as relacionadas ao trabalho.\u00a0</p>\r\n<p>Desde sua cria\u00e7\u00e3o, estudos indicam que houve um aumento na compreens\u00e3o dos direitos dos trabalhadores e das trabalhadoras, com a ado\u00e7\u00e3o de t\u00e9cnicas de seguran\u00e7a no ambiente de trabalho e a supervis\u00e3o e regulamenta\u00e7\u00e3o por parte das autoridades competentes.</p>\r\n<p>Segundo especialistas, investir em iniciativas de preven\u00e7\u00e3o de incidentes e enfermidades relacionadas ao trabalho \u00e9 capaz de assegurar um ambiente laboral mais seguro e saud\u00e1vel. A Fundacentro apoia o Movimento, pois sua finalidade vai ao encontro dos objetivos da institui\u00e7\u00e3o, que incentiva a cultura de SST atrav\u00e9s de iniciativas, pesquisas, treinamentos e estudos para melhorar as condi\u00e7\u00f5es de trabalho e diminuir os riscos de acidentes laborais.</p>\r\n<p>Estat\u00edstica de Acidentes</p>\r\n<p>De acordo com a Previd\u00eancia Social, foram notificados 7.506.055 acidentes de trabalho entre 2011 e 2022. Desses acidentes, os homens s\u00e3o 5.050.836, enquanto as mulheres s\u00e3o 2.447.812.\u00a0Considerando isso, em 2011, os homens tiveram uma taxa de acidentalidade de 70,86% e, em 2022, houve uma taxa de 64,16%. A porcentagem de mulheres foi de 29,14% e, em 2022, 35,84%. \u00a0Apesar do aumento no n\u00famero de acidentes de trabalho entre os homens em 2022, as mulheres tiveram um aumento de 22%, ao passo que os homens tiveram uma redu\u00e7\u00e3o de quase 10%.</p>\r\n<p>Contribui\u00e7\u00e3o da Fundacentro ao Abril Verde</p>\r\n<p>As pesquisas e os estudos da institui\u00e7\u00e3o abrangem uma ampla gama de temas relacionados \u00e0 seguran\u00e7a e sa\u00fade no trabalho, incluindo avalia\u00e7\u00e3o de riscos, ergonomia, toxicologia, sa\u00fade mental, entre outros. Essas a\u00e7\u00f5es fornecem embasamento t\u00e9cnico-cient\u00edfico para a elabora\u00e7\u00e3o de pol\u00edticas p\u00fablicas, normas regulamentadoras e iniciativas de preven\u00e7\u00e3o de acidentes e doen\u00e7as ocupacionais.</p>\r\n<p>Al\u00e9m disso, a Fundacentro atua na capacita\u00e7\u00e3o de profissionais, oferecendo cursos e eventos sobre temas relacionados \u00e0 SST. Essas atividades contribuem para a forma\u00e7\u00e3o de especialistas qualificados e para a dissemina\u00e7\u00e3o de boas pr\u00e1ticas no ambiente laboral. Desde o ano passado, a institui\u00e7\u00e3o realiza cursos tem\u00e1ticos, este m\u00eas a\u00a0<a href=\"https://www.gov.br/fundacentro/pt-br/comunicacao/noticias/noticias/2024/marco/normas-regulamentadoras-sera-tema-do-curso-de-sst\">Tem\u00e1tica 3 \u00e9 sobre \u201cNormas Regulamentadoras: Preven\u00e7\u00e3o, Prote\u00e7\u00e3o e Desafios do Curso B\u00e1sico de Sa\u00fade e Seguran\u00e7a no Trabalho\u201d</a>.\u00a0</p>\r\n<p>O chefe Adir de Souza, da Fundacentro localizada no Paran\u00e1, e precursor do movimento Abril Verde, informa que as a\u00e7\u00f5es realizadas pela institui\u00e7\u00e3o desempenham um papel essencial na promo\u00e7\u00e3o da sa\u00fade e seguran\u00e7a no trabalho no Brasil, especialmente neste m\u00eas em que o Movimento Abril Verde tem como objetivo fomentar a ado\u00e7\u00e3o de medidas preventivas que aprimorem constantemente as condi\u00e7\u00f5es de trabalho em todo o pa\u00eds.</p>\r\n<p>Datas tamb\u00e9m importantes para SST</p>\r\n<p>A institui\u00e7\u00e3o prepara evento para o dia\u00a028 de abril \u2013 Dia em Mem\u00f3ria da V\u00edtimas de Acidentes e Doen\u00e7as Relacionadas ao Trabalho. Essa data \u00e9 importante para a reflex\u00e3o, discuss\u00e3o, conscientiza\u00e7\u00e3o, troca de experi\u00eancias e o desenvolvimento de a\u00e7\u00f5es para a diminui\u00e7\u00e3o do n\u00famero de acidentes de trabalho registrados no Brasil, com a participa\u00e7\u00e3o de institui\u00e7\u00f5es, empresas, trabalhadores, empregadores e toda a sociedade brasileira.</p>\r\n<p>Antes do dia 28, o dia\u00a007 de abril\u00a0\u00e9 comemorado o\u00a0Dia Mundial da Sa\u00fade. A\u00a0data, criada pela Organiza\u00e7\u00e3o Mundial da Sa\u00fade - OMS, \u00e9 um momento para trabalhar tamb\u00e9m quest\u00f5es s\u00e9rias e importantes relacionadas \u00e0 sa\u00fade dos (as) trabalhadores (as), bem como a sociedade em geral. Promovendo a conscientiza\u00e7\u00e3o e estimulando pol\u00edticas p\u00fablicas para o\u00a0bem-estar da popula\u00e7\u00e3o.</p>\r\n</div>\r\n</div>\r\n</div>\r\n<div class=\"field z3cformInlineValidation\">Categoria\r\n<div class=\"contenttree-widget relationchoice-field\">Trabalho, Emprego e Previd\u00eancia</div>\r\n</div>", "author_name": "", "version": "1.0", "author_url": "https://www.saojosedocalcado.es.leg.br/author/sjc", "provider_name": "C\u00e2mara Municipal de S\u00e3o Jos\u00e9 do Cal\u00e7ado", "type": "rich"}