{"provider_url": "https://www.saojosedocalcado.es.leg.br", "title": "Homenagem ao Dia das M\u00e3es", "html": "<p style=\"text-align: justify; \">Celebrar o Dia das M\u00e3es \u00e9 reconhecer a import\u00e2ncia das mulheres que doam suas vidas, com afeto, supera\u00e7\u00e3o e for\u00e7a, para que seus filhos e filhas cres\u00e7am com dignidade. Nesta data especial, queremos prestar nossas homenagens \u00e0s m\u00e3es cal\u00e7adenses.</p>\r\n<p style=\"text-align: justify; \">S\u00e3o trajet\u00f3rias de luta, de m\u00e3es que enfrentam a \u00e1rdua miss\u00e3o de cuidar e educar. S\u00e3o exemplos que nos inspiraram a fazer da nossa terra um lugar melhor para o crescimento das nossas crian\u00e7as e para o cuidado com essas m\u00e3es guerreiras.</p>\r\n<p style=\"text-align: justify; \">Feliz Dia das M\u00e3es!<br /><br />Uma homenagem da C\u00e2mara Municipal de S\u00e3o Jos\u00e9 do Cal\u00e7ado<br /><br /><br /></p>", "author_name": "", "version": "1.0", "author_url": "https://www.saojosedocalcado.es.leg.br/author/sjc", "provider_name": "C\u00e2mara Municipal de S\u00e3o Jos\u00e9 do Cal\u00e7ado", "type": "rich"}