{"provider_url": "https://www.saojosedocalcado.es.leg.br", "title": "Dia Internacional da Mulher!", "html": "<h2 style=\"text-align: justify; \">No Dia Internacional da Mulher (8 de mar\u00e7o), celebramos n\u00e3o apenas as realiza\u00e7\u00f5es individuais das mulheres, mas tamb\u00e9m sua contribui\u00e7\u00e3o coletiva para um mundo mais justo e equitativo.</h2>\r\n<h2 style=\"text-align: justify; \"></h2>\r\n<h2 style=\"text-align: justify; \">\u00c9 uma ocasi\u00e3o para reconhecer e apreciar a for\u00e7a, a resili\u00eancia e a sabedoria das mulheres em todas as esferas da vida, desde o lar at\u00e9 o local de trabalho, da comunidade global \u00e0 esfera pol\u00edtica.</h2>\r\n<h2 style=\"text-align: justify; \"></h2>\r\n<h2 style=\"text-align: justify; \">Que o dia seja uma lembran\u00e7a de nosso compromisso com a causa das mulheres e uma celebra\u00e7\u00e3o de sua incr\u00edvel for\u00e7a e potencial</h2>", "author_name": "", "version": "1.0", "author_url": "https://www.saojosedocalcado.es.leg.br/author/sjc", "provider_name": "C\u00e2mara Municipal de S\u00e3o Jos\u00e9 do Cal\u00e7ado", "type": "rich"}