{"provider_url": "https://www.saojosedocalcado.es.leg.br", "title": "DIA 01 DE OUTUBRO DIA DO VEREADOR", "html": "", "author_name": "", "version": "1.0", "author_url": "https://www.saojosedocalcado.es.leg.br/author/sjc", "provider_name": "C\u00e2mara Municipal de S\u00e3o Jos\u00e9 do Cal\u00e7ado", "type": "rich"}