{"provider_url": "https://www.saojosedocalcado.es.leg.br", "title": "Campanha Junho Vermelho e Laranja", "html": "<p>\u00a0</p>\r\n<header>\r\n<h1 class=\"documentFirstHeading\" style=\"text-align: justify; \">JUNHO VERMELHO E LARANJA: CAMPANHAS QUE SE COMPLEMENTAM</h1>\r\n<div style=\"text-align: justify; \"></div>\r\n</header>\r\n<p style=\"text-align: justify; \">\u00a0</p>\r\n<div style=\"text-align: justify; \"></div>\r\n<div>\r\n<div class=\"documentByLine\" style=\"text-align: justify; \">por Pr\u00f3-Vida \u2014\u00a0publicado\u00a0h\u00e1 2 anos</div>\r\n<div>\r\n<p style=\"text-align: justify; \">As duas campanhas abordam um tema muito importante, a\u00a0doa\u00e7\u00e3o. Neste momento de\u00a0crise\u00a0e\u00a0isolamento social,\u00a0que estamos enfrentando devido ao\u00a0novo coronav\u00edrus, falar deste ato nunca foi t\u00e3o importante. Mais do que nunca, sabemos que uma atitude pode mover o mundo.<br />E o reflexo da pandemia n\u00e3o est\u00e1 apenas na economia, na paralisa\u00e7\u00e3o do comercial ou no isolamento social. Nesta nova realidade de \u201ccrise na sa\u00fade\u201d, os\u00a0estoques\u00a0dos\u00a0bancos de sangue\u00a0das cidades brasileiras ca\u00edram significantemente.<br />Sabe-se at\u00e9 o momento, que a\u00a0covid-19\u00a0n\u00e3o \u00e9 transmitida por transfus\u00e3o sangu\u00ednea. Por isso, o ato n\u00e3o coloca o doador em risco. Ent\u00e3o se for sair de casa, que seja para fazer uma atitude positiva. Doe.</p>\r\n<p style=\"text-align: justify; \">JUNHO VERMELHO:\u00a0campanha de conscientiza\u00e7\u00e3o sobre a doa\u00e7\u00e3o de sangue. Um gesto simples que salva at\u00e9\u00a04 vidas,\u00a0em apenas uma\u00a0doa\u00e7\u00e3o.<br />No dia 14 de junho, \u00e9 comemorado o Dia Mundial do Doador de Sangue. Data definida pela OMS \u2013 Organiza\u00e7\u00e3o Mundial da Sa\u00fade, em homenagem ao nascimento do imunologista Karl Landsteiner, respons\u00e1vel por descobrir os tipos sangu\u00edneos.<br />Por isso, o m\u00eas foi escolhido para simbolizar a campanha.</p>\r\n<h1 style=\"text-align: justify; \">Junho Laranja: m\u00eas da conscientiza\u00e7\u00e3o sobre anemia e leucemia</h1>\r\n<p style=\"text-align: justify; \">A campanha do m\u00eas de junho dirige-se \u00e0 informa\u00e7\u00e3o e preven\u00e7\u00e3o sobre a\u00a0sa\u00fade do sangue. Al\u00e9m de reservar um dia especialmente \u00e0 import\u00e2ncia da transfus\u00e3o de sangue, o m\u00eas tamb\u00e9m traz em destaque duas das condi\u00e7\u00f5es mais frequentes relacionadas ao sistema sangu\u00edneo: a anemia e a leucemia. A\u00a0anemia, apesar de muito frequente, ainda continua sendo um tema que traz muitas d\u00favidas \u00e0 popula\u00e7\u00e3o. J\u00e1 no caso da\u00a0leucemia, ainda que menos frequente, tamb\u00e9m merece destaque por se tratar do principal c\u00e2ncer maligno da inf\u00e2ncia.\u00a0</p>\r\n<p style=\"text-align: justify; \">As\u00a0hemoglobinopatias\u00a0podem ser estruturais, quando a hemoglobina produzida n\u00e3o funciona da forma adequada (ex.: doen\u00e7a falciforme), ou de produ\u00e7\u00e3o, quando h\u00e1 uma redu\u00e7\u00e3o na taxa de produ\u00e7\u00e3o de hemoglobinas (ex.: talassemias).</p>\r\n<p style=\"text-align: justify; \">Os sinais e sintomas da anemia variam de acordo com a intensidade do comprometimento de cada paciente e da doen\u00e7a que est\u00e1 por tr\u00e1s de cada caso. Em geral, uma pessoa \u201can\u00eamica\u201d pode apresentar um conjunto de sintomas que refletem a baixa quantidade dispon\u00edvel de gl\u00f3bulos vermelhos na circula\u00e7\u00e3o sangu\u00ednea, configurando a chamada\u00a0s\u00edndrome an\u00eamica: fadiga, falta de ar aos esfor\u00e7os e/ou em repouso, palpita\u00e7\u00f5es, claudica\u00e7\u00e3o, sonol\u00eancia e confus\u00e3o mental.\u00a0 \u00a0 \u00a0 \u00a0 \u00a0 \u00a0A hemoglobinopatia mais conhecida \u00e9 a\u00a0doen\u00e7a falciforme, que possui a anemia como o principal sinal da doen\u00e7a.\u00a0</p>\r\n<p style=\"text-align: justify; \">A resolu\u00e7\u00e3o da anemia, quando feita a curto prazo, pode ser feita pela reposi\u00e7\u00e3o de sulfato ferroso, de vitaminas e por meio da transfus\u00e3o sangu\u00ednea, mas elas possuem indica\u00e7\u00f5es muito espec\u00edficas e n\u00e3o podem ser generalizadas. \u00c9 importante refor\u00e7ar e destacar que\u00a0a anemia \u00e9 apenas um sinal de que existe uma doen\u00e7a\u00a0e que, portanto, necessita de uma investiga\u00e7\u00e3o da causa que resultou na anemia.</p>\r\n<p style=\"text-align: justify; \">A\u00a0leucemia\u00a0\u00e9 o\u00a0c\u00e2ncer mais frequente em crian\u00e7as\u00a0e um dos mais comuns no mundo, com uma estimativa de 10.180 novos casos no Brasil em 2020 (dados do\u00a0<em>Instituto Nacional de C\u00e2ncer \u2013 INCA</em>). Caracteriza-se como uma doen\u00e7a maligna dos\u00a0gl\u00f3bulos brancos, geralmente de origem exata desconhecida. Ela pode ser classificada em rela\u00e7\u00e3o \u00e0 velocidade de evolu\u00e7\u00e3o (aguda ou cr\u00f4nica) e pelo tipo celular predominantemente afetado (linfoide ou mieloide).\u00a0</p>\r\n<p style=\"text-align: justify; \">Sinais e sintomas da leucemia</p>\r\n<p style=\"text-align: justify; \">O ac\u00famulo de c\u00e9lulas defeituosas e o funcionamento inadequado da medula \u00f3ssea podem levar a sintomas muito variados de acordo com o tipo e evolu\u00e7\u00e3o da doen\u00e7a. Em geral, pode-se observar sintomas semelhantes \u00e0\u00a0s\u00edndrome an\u00eamica\u00a0(fadiga, falta de ar aos esfor\u00e7os e/ou em repouso, palpita\u00e7\u00f5es, claudica\u00e7\u00e3o, sonol\u00eancia e confus\u00e3o mental), mas h\u00e1 um comprometimento mais evidente relativo \u00e0 redu\u00e7\u00e3o dos gl\u00f3bulos brancos, levando a uma\u00a0maior suscetibilidade a infec\u00e7\u00f5es frequentes, febre, g\u00e2nglios linf\u00e1ticos inchados (\u201c\u00ednguas\u201d), perda de peso sem motivo aparente, desconforto abdominal (geralmente, pelo aumento do ba\u00e7o e f\u00edgado), dores nos ossos e nas articula\u00e7\u00f5es, entre outros.</p>\r\n<p style=\"text-align: justify; \">Preven\u00e7\u00e3o</p>\r\n<p style=\"text-align: justify; \">Na maioria dos casos, n\u00e3o h\u00e1 um fator de risco que possa ser modificado e que, portanto, possa ser indicado como um fator preven\u00edvel. Os \u00fanicos fatores cientificamente comprovados que aumentam o risco de desenvolver a doen\u00e7a foram a exposi\u00e7\u00e3o \u00e0 radia\u00e7\u00e3o ionizante (em procedimentos m\u00e9dicos como radioterapia) e ao benzeno (subst\u00e2ncia encontrada na gasolina, na fuma\u00e7a do cigarro e utilizado na fabrica\u00e7\u00e3o de pl\u00e1sticos, lubrificantes, borrachas, tintas, detergentes, medicamentos e agrot\u00f3xicos).\u00a0</p>\r\n<p style=\"text-align: justify; \">Diagn\u00f3stico e Tratamento</p>\r\n<p style=\"text-align: justify; \">Por se tratar de um\u00a0c\u00e2ncer, a detec\u00e7\u00e3o em sua fase inicial \u00e9 fundamental para que haja uma maior chance de tratamento. No entanto, n\u00e3o h\u00e1 evid\u00eancia cient\u00edfica que justifique a realiza\u00e7\u00e3o do\u00a0rastreamento\u00a0de leucemias na inf\u00e2ncia e, em geral, a investiga\u00e7\u00e3o ocorre somente quando houver suspeita cl\u00ednica. Em boa parte dos casos, ocorre na inf\u00e2ncia e o diagn\u00f3stico \u00e9 iniciado com exames cl\u00ednicos, laboratoriais ou radiol\u00f3gicos, de acordo com cada paciente.</p>\r\n<p style=\"text-align: justify; \">Ap\u00f3s a confirma\u00e7\u00e3o diagn\u00f3stica, diversas modalidades terap\u00eauticas podem ser empregadas de acordo com os aspectos cl\u00ednicos do paciente (idade, presen\u00e7a de outras doen\u00e7as, capacidade de tolerar a terapia) e do subtipo da leucemia. O\u00a0transplante de medula \u00f3ssea\u00a0n\u00e3o est\u00e1 indicado em todos os casos, mas pode ser necess\u00e1rio, bem como a quimioterapia, imunoterapia, entre outros.</p>\r\n<p style=\"text-align: justify; \">\u00a0Fontes:\u00a0laboratoriobehring.com.br\u00a0 e\u00a0 blog.saude.mg.gov.br</p>\r\n</div>\r\n</div>", "author_name": "", "version": "1.0", "author_url": "https://www.saojosedocalcado.es.leg.br/author/sjc", "provider_name": "C\u00e2mara Municipal de S\u00e3o Jos\u00e9 do Cal\u00e7ado", "type": "rich"}