{"provider_url": "https://www.saojosedocalcado.es.leg.br", "title": "Campanha Agosto Lil\u00e1s 2024", "html": "<h1 class=\"documentFirstHeading\">Agosto Lil\u00e1s 2024</h1>\r\n<div class=\"dataNoticia documentByLine\">29/07/2024 18h20</div>\r\n<div></div>\r\n<div class=\"documentDescription\">Anualmente, no m\u00eas de agosto, a C\u00e2mara dos Deputados desenvolve atividades em alus\u00e3o ao Agosto Lil\u00e1s, m\u00eas de conscientiza\u00e7\u00e3o pelo fim da viol\u00eancia contra as mulheres. O per\u00edodo est\u00e1 associado ao anivers\u00e1rio da Lei Maria da Penha (Lei N\u00ba 11.340, de 7 de agosto de 2006), que em 2024 completa 18 anos.</div>\r\n<div></div>\r\n<div>\r\n<div class=\"plain\">\r\n<p>As a\u00e7\u00f5es da campanha Agosto Lil\u00e1s 2024 s\u00e3o realizadas pela Secretaria da Mulher, em parceria com a Comiss\u00e3o de Defesa dos Direitos da Mulher, com o objetivo de promover a conscientiza\u00e7\u00e3o da sociedade para a necessidade do enfrentamento \u00e0s diversas formas de viol\u00eancia contra as mulheres. Al\u00e9m do tradicional acendimento das luzes do Congresso Nacional na cor lil\u00e1s, outras atividades est\u00e3o previstas.\u00a0Confira a programa\u00e7\u00e3o completa da campanha!</p>\r\n<p>\u00a0</p>\r\n<p>Agenda provis\u00f3ria AGOSTO LIL\u00c1S 2024</p>\r\n<p><br />Primeira semana (5 a 9/08) \u2013 Lan\u00e7amento de nova etapa da campanha de viol\u00eancia pol\u00edtica com \u00eanfase nos canais de den\u00fancia.</p>\r\n<p><br />Segunda semana (12 a 14/08)<br />12/08 \u2013 Sess\u00e3o Solene (a confirmar)<br />13/08 \u2013 9h \u2013 Debate sobre a Guia Acess\u00edvel com Comiss\u00e3o da Mulher\u00a0<br /><br />Terceira Semana<br />20, 21 e 22/08 \u2013 Reuni\u00f5es t\u00e9cnicas sobre situa\u00e7\u00e3o do feminic\u00eddio no Brasil e estrat\u00e9gias de enfrentamento\u00a0</p>\r\n<p><br />Quarta Semana:<br />28/08 \u2013 Lan\u00e7amento da carta para as candidaturas sobre or\u00e7amento sens\u00edvel a g\u00eanero e ra\u00e7a</p>\r\n</div>\r\n</div>", "author_name": "", "version": "1.0", "author_url": "https://www.saojosedocalcado.es.leg.br/author/sjc", "provider_name": "C\u00e2mara Municipal de S\u00e3o Jos\u00e9 do Cal\u00e7ado", "type": "rich"}