{"provider_url": "https://www.saojosedocalcado.es.leg.br", "title": "Estamos em Luto!", "html": "<p>A C\u00e2mara Municipal de S\u00e3o Jos\u00e9 do Cal\u00e7ado manifesta o seu mais profundo pesar pelo falecimento do servidor p\u00fablico, F\u00e1bio, ocorrido neste domingo, 27 de Junho, v\u00edtima de complica\u00e7\u00f5es da Covid19. Neste momento de tristeza e dor, nos unimos para manifestar nossas mais sinceras condol\u00eancias aos familiares, parentes e amigos do Fabinho, rogando a Deus que conforte seus cora\u00e7\u00f5es</p>", "author_name": "", "version": "1.0", "author_url": "https://www.saojosedocalcado.es.leg.br/author/sjc", "provider_name": "C\u00e2mara Municipal de S\u00e3o Jos\u00e9 do Cal\u00e7ado", "type": "rich"}