{"provider_url": "https://www.saojosedocalcado.es.leg.br", "title": "DECRETO N\u00ba 6.203/2020", "html": "<p align=\"center\"><b>DECRETO N\u00ba 6.203/2020</b></p>\r\n<p>\u00a0</p>\r\n<p><b>DISP\u00d5E SOBRE MEDIDAS E A\u00c7\u00d5ES NECESS\u00c1RIAS AO EVITAMENTO DE CONT\u00c1GIO E PROLIFERA\u00c7\u00c3O DO CORONAV\u00cdRUS (COVID-19), E D\u00c1 OUTRAS PROVID\u00caNCIAS.</b><b><i></i></b></p>\r\n<p>\u00a0</p>\r\n<p>O Prefeito Municipal de S\u00e3o Jos\u00e9 do Cal\u00e7ado, no uso de suas atribui\u00e7\u00f5es legais, nos termos do\u00a0art. 73, inciso\u00a0VIII,\u00a0da Lei Org\u00e2nica do Munic\u00edpio;</p>\r\n<p>\u00a0</p>\r\n<p>CONSIDERANDO a necessidade de ado\u00e7\u00e3o de a\u00e7\u00f5es coordenadas para enfrentamento da Emerg\u00eancia em Sa\u00fade P\u00fablica em \u00e2mbito Municipal, decorrente do Coronav\u00edrus;</p>\r\n<p>CONSIDERANDO a expectativa da Secretaria Estadual de Sa\u00fade no aumento significativo do n\u00famero de casos de infectados com o Coronav\u00edrus;</p>\r\n<p>CONSIDERANDO os casos de infec\u00e7\u00e3o com o Coronav\u00edrus j\u00e1 confirmados nos Munic\u00edpios circunvizinhos;</p>\r\n<p>CONSIDERANDO que a sa\u00fade \u00e9 direito de todos e dever do Estado, garantido mediante pol\u00edticas sociais e econ\u00f4micas que visem \u00e0 redu\u00e7\u00e3o do risco de doen\u00e7a e de outros agravos e ao acesso universal e igualit\u00e1rio \u00e0s a\u00e7\u00f5es e servi\u00e7os para sua promo\u00e7\u00e3o, prote\u00e7\u00e3o e recupera\u00e7\u00e3o, na forma do art. 196 da Constitui\u00e7\u00e3o da Rep\u00fablica;</p>\r\n<p>CONSIDERANDO o\u00a0Decreto Municipal n\u00ba 6.202/2020, que\u00a0<em>reconhece o<b>\u00a0</b>estado de emerg\u00eancia em sa\u00fade p\u00fablica no territ\u00f3rio do<b>\u00a0</b>Munic\u00edpio de S\u00e3o Jos\u00e9 do Cal\u00e7ado<b>\u00a0</b>e estabelece medidas sanit\u00e1rias e administrativas para preven\u00e7\u00e3o, controle e conten\u00e7\u00e3o de riscos, danos e agravos decorrentes do surto de coronav\u00edrus (COVID-19);</em><b></b></p>\r\n<p>\u00a0</p>\r\n<p><b>DECRETA:</b></p>\r\n<p>\u00a0</p>\r\n<p><b>Art. 1\u00b0</b>\u00a0- Ficam suspensas em toda a Municipalidade, a partir do dia 21 de mar\u00e7o de 2020, pelo per\u00edodo de 10 (dez) dias, podendo ser prorrogado, as atividades de atendimento ao p\u00fablico em bares, restaurantes, lanchonetes, clubes, cinema, confec\u00e7\u00f5es, lojas em geral, com\u00e9rcio varejista e estabelecimentos cong\u00eaneres, permanecendo ativos somente os servi\u00e7os de entrega delivery.</p>\r\n<p>\u00a0</p>\r\n<p>\u00a71\u00ba - Ficam suspensas as atividades de academia, centro de gin\u00e1stica e estabelecimentos similares.</p>\r\n<p>\u00a0</p>\r\n<p>\u00a72\u00ba - Excetuam-se da suspens\u00e3o apresentada no\u00a0<i>caput</i>\u00a0desse artigo, os supermercados, postos de gasolina, padarias e farm\u00e1cias, sendo obrigat\u00f3rio para seu funcionamento, que os funcion\u00e1rios fa\u00e7am o uso de m\u00e1scaras cir\u00fargicas e higieniza\u00e7\u00e3o regular e peri\u00f3dica de m\u00e3os, balc\u00f5es e caixas com gel antiss\u00e9ptico 70\u00ba.</p>\r\n<p>\u00a0</p>\r\n<p>\u00a73\u00ba - Fica reservado, no per\u00edodo das 08 \u00e0s 09 horas, atendimento EXCLUSIVO para idosos (acima de 60 anos de idade), Gestantes e Portadores de Defici\u00eancia nos locais elencados no par\u00e1grafo anterior.</p>\r\n<p>\u00a0</p>\r\n<p><b>Art. 2\u00ba</b>\u00a0- Fica proibida a utiliza\u00e7\u00e3o das pra\u00e7as p\u00fablicas, poliesportivo e demais quadras e campos que s\u00e3o utilizados para pr\u00e1tica desportiva.</p>\r\n<p>\u00a0</p>\r\n<p><b>Art. 3\u00ba</b>\u00a0- Ficam suspensas todas as feiras ao ar livre em \u00e2mbito municipal.</p>\r\n<p>\u00a0</p>\r\n<p><b>Art. 4\u00ba</b>\u00a0- Os motoristas de taxis e autom\u00f3veis de aplicativos utilizar\u00e3o, obrigatoriamente, mascar\u00e1s cir\u00fargicas.</p>\r\n<p>\u00a0</p>\r\n<p><b>Art. 5\u00ba</b>\u00a0- O descumprimento poder\u00e1 ensejar a suspens\u00e3o e/ou cancelamento de alvar\u00e1s de funcionamento e localiza\u00e7\u00e3o e configurar\u00e1\u00a0crime previsto no art. 268 do C\u00f3digo Penal\u00a0- Infringir determina\u00e7\u00e3o do poder p\u00fablico, destinada a impedir introdu\u00e7\u00e3o ou propaga\u00e7\u00e3o de doen\u00e7a contagiosa: Pena - deten\u00e7\u00e3o, de um m\u00eas a um ano, e multa.</p>\r\n<p>\u00a0</p>\r\n<p><b>Art. 6\u00ba</b>\u00a0- A Administra\u00e7\u00e3o P\u00fablica Municipal poder\u00e1 solicitar o aux\u00edlio das autoridades policiais do Estado para garantia do cumprimento do disposto neste Decreto.</p>\r\n<p>\u00a0</p>\r\n<p><b>Art. 7\u00ba.</b>\u00a0Este decreto dever\u00e1 ser remetido \u00e0s autoridades competentes pra ci\u00eancia, fiscaliza\u00e7\u00e3o e cumprimento, especialmente a Policia Militar.</p>\r\n<p><b>\u00a0</b></p>\r\n<p><b>Art. 8\u00ba</b>\u00a0- Este Decreto entrar\u00e1 em vigor na data de sua publica\u00e7\u00e3o.</p>\r\n<p>\u00a0</p>\r\n<p align=\"center\"><b>\u00a0</b></p>\r\n<p align=\"center\"><b>REGISTRE-SE,\u00a0\u00a0\u00a0\u00a0\u00a0\u00a0\u00a0\u00a0\u00a0\u00a0\u00a0\u00a0\u00a0 PUBLIQUE-SE,\u00a0\u00a0\u00a0\u00a0\u00a0\u00a0\u00a0\u00a0\u00a0\u00a0\u00a0\u00a0\u00a0\u00a0\u00a0 CUMPRA-SE.</b></p>\r\n<p>\u00a0</p>\r\n<p>\u00a0\u00a0\u00a0\u00a0\u00a0\u00a0\u00a0\u00a0\u00a0\u00a0\u00a0\u00a0 Gabinete do Prefeito Municipal de S\u00e3o Jos\u00e9 do Cal\u00e7ado, Estado do Esp\u00edrito Santo, aos vinte (20) dias do m\u00eas de mar\u00e7o (03) do ano de dois mil e vinte (2020).</p>\r\n<p><b>\u00a0</b></p>\r\n<p><b>\u00a0</b></p>\r\n<p><b>\u00a0</b></p>\r\n<p align=\"center\"><b>JOS\u00c9 CARLOS DE ALMEIDA</b></p>\r\n<p align=\"center\"><b>PREFEITO MUNICIPAL</b>\u00a0 \u00a0 \u00a0</p>", "author_name": "", "version": "1.0", "author_url": "https://www.saojosedocalcado.es.leg.br/author/sjc", "provider_name": "C\u00e2mara Municipal de S\u00e3o Jos\u00e9 do Cal\u00e7ado", "type": "rich"}