{"provider_url": "https://www.saojosedocalcado.es.leg.br", "title": "Campanha Fevereiro Roxo", "html": "<h1 class=\"article-title\">Fevereiro Roxo 2019: destaques sobre Alzheimer, fibromialgia e l\u00fapus</h1>\r\n<h2 class=\"article-subtitle\">Chegou o m\u00eas de conscientiza\u00e7\u00e3o dessas tr\u00eas doen\u00e7as de dif\u00edcil controle. Aproveite o Fevereiro Roxo para saber como lidar com elas</h2>\r\n<p>\u00a0</p>\r\n<p>A campanha do\u00a0<strong>Fevereiro Roxo</strong>\u00a0foi criada para conscientizar a popula\u00e7\u00e3o sobre tr\u00eas doen\u00e7as s\u00e9rias:\u00a0<a href=\"https://saude.abril.com.br/tudo-sobre/fibromialgia\"><strong>fibromialgia</strong></a>,\u00a0<strong><a href=\"https://saude.abril.com.br/tudo-sobre/alzheimer\">Alzheimer</a>\u00a0</strong>e\u00a0<a href=\"https://saude.abril.com.br/tudo-sobre/lupus\"><strong>l\u00fapus</strong></a>. Elas podem, cada uma a sua maneira, abalar a qualidade de vida pra valer. Da\u00ed porque a SA\u00daDE aproveitou o momento para ressaltar, em 2019, not\u00edcias que podem ajudar a combater esse trio da pesada.\u00a0</p>\r\n<p>Mais Informa\u00e7\u00f5es: clique no Link:</p>\r\n<p><a class=\"external-link\" href=\"https://saude.abril.com.br/medicina/fevereiro-roxo-2019-destaques-sobre-alzheimer-fibromialgia-e-lupus/\" target=\"_self\" title=\"\">\u00a0https://saude.abril.com.br/medicina/fevereiro-roxo-2019-destaques-sobre-alzheimer-fibromialgia-e-lupus/</a></p>", "author_name": "", "version": "1.0", "author_url": "https://www.saojosedocalcado.es.leg.br/author/sjc", "provider_name": "C\u00e2mara Municipal de S\u00e3o Jos\u00e9 do Cal\u00e7ado", "type": "rich"}