{"provider_url": "https://www.saojosedocalcado.es.leg.br", "title": "Sess\u00e3o Ordin\u00e1ria Cancelada", "html": "<p>A C\u00e2mara Municipal de S\u00e3o Jos\u00e9 do Cal\u00e7ado cancelou na manh\u00e3 desta segunda-feira 25/06/2018 a sess\u00e3o ordin\u00e1ria prevista para acontecer logo mais \u00e0s 19h devido \u00e0 morte do ex-vereador Jos\u00e9 Ailton Cardoso Boca.</p>", "author_name": "", "version": "1.0", "author_url": "https://www.saojosedocalcado.es.leg.br/author/sjc", "provider_name": "C\u00e2mara Municipal de S\u00e3o Jos\u00e9 do Cal\u00e7ado", "type": "rich"}