{"provider_url": "https://www.saojosedocalcado.es.leg.br", "title": "NOTA DE PESAR", "html": "<p><em><span>A C\u00e2mara Municipal de Vereadores de S\u00e3o Jos\u00e9 do Cal\u00e7ado (ES), vem a p\u00fablico manifestar seus sinceros votos de pesar pelo falecimento do Ilustre Ex-Vereador Jos\u00e9 Ailton Cardoso Boca, ocorrido na noite de domingo, 24 de junho de 2018, em Gua\u00e7u\u00ed (ES).</span></em><span></span></p>\r\n<p><em>Jos\u00e9 Ailton Cardoso Boca esteve durante 08 mandatos consecutivos nos anos de 1989 \u00e0 2018. Sua vida \u00e9 marcada tamb\u00e9m por sua brilhante trajet\u00f3ria escrita na hist\u00f3ria da pol\u00edtica Cal\u00e7adense.</em></p>\r\n<p>\u00a0</p>\r\n<p><em><span><span><span><span>\u00a0</span></span></span></span></em><em>Sua candidatura foi pelo PMDB-PARTIDO DO MOVIMENTO DEMOCR\u00c1TICO BRASILEIRO atrav\u00e9s da coliga\u00e7\u00e3o PTN / PMDB - pmdb/ptn. Teve como atividade PROFESSOR DE ENSINO M\u00c9DIO e nasceu em 24/07/1955 .</em></p>\r\n<p><em><span>\u00a0</span></em><em>\u00a0</em><em>Ao prestar merecida homenagem e consecutivamente nossos votos de pesar aos familiares, parentes e amigos; a C\u00e2mara de Vereadores de S\u00e3o Jos\u00e9 do Cal\u00e7ado solidariza-se e lamenta profundamente a morte do estimado Jos\u00e9 Ailton Cardoso Boca.</em></p>\r\n<p>\u00a0</p>\r\n<p><em><span><span><span><span>Descanse em paz!</span></span></span></span></em></p>\r\n<p align=\"right\"><em><span>S\u00e3o Jos\u00e9 do Cal\u00e7ado/ES, 25 de Junho de 2018.</span></em><span></span></p>\r\n<p align=\"center\"><strong>Wagner Vieira Fran\u00e7a</strong></p>\r\n<p align=\"center\">\u00a0</p>\r\n<p align=\"center\"><span><span><strong><span><span>Presidente</span></span></strong></span><span></span></span></p>\r\n<p>\u00a0</p>", "author_name": "", "version": "1.0", "author_url": "https://www.saojosedocalcado.es.leg.br/author/sjc", "provider_name": "C\u00e2mara Municipal de S\u00e3o Jos\u00e9 do Cal\u00e7ado", "type": "rich"}