{"provider_url": "https://www.saojosedocalcado.es.leg.br", "title": "Evento Cancelado", "html": "<h2 style=\"text-align: justify; \"><strong>A C\u00e2mara Municipal de S\u00e3o Jos\u00e9 do Cal\u00e7ado/ES, comunica a todos o Cancelamento da Sess\u00e3o de Outorga de T\u00edtulos agendada para o dia 1\u00ba de Junho de 2018 (Sexta-Feira), \u00e0s 19:00h no Montanha Clube, Tendo em vista a falta de Combust\u00edvel gerada pela paralisa\u00e7\u00e3o dos Caminhoneiros.</strong></h2>\r\n<p><strong><br /></strong></p>\r\n<h2 style=\"text-align: justify; \"><strong>Uma Nova data ser\u00e1 marcada e avisaremos a todos!</strong></h2>\r\n<h2 style=\"text-align: center; \"><strong><br /></strong></h2>\r\n<h2 style=\"text-align: left; \"><strong>Atenciosamente,</strong></h2>\r\n<h2 style=\"text-align: left; \"><strong>Wagner Vieira Fran\u00e7a</strong></h2>\r\n<h2 style=\"text-align: left; \"><strong>(Presidente da C\u00e2mara)</strong></h2>", "author_name": "", "version": "1.0", "author_url": "https://www.saojosedocalcado.es.leg.br/author/sjc", "provider_name": "C\u00e2mara Municipal de S\u00e3o Jos\u00e9 do Cal\u00e7ado", "type": "rich"}