{"provider_url": "https://www.saojosedocalcado.es.leg.br", "title": "AVISO DE LICITA\u00c7\u00c3O", "html": "<p align=\"center\"><b><span>AVISO DE LICITA\u00c7\u00c3O</span></b></p>\r\n<p align=\"center\"><b>\u00a0</b></p>\r\n<p align=\"center\"><b>Preg\u00e3o Presencial n\u00ba 04/2017</b></p>\r\n<p>\u00a0\u00a0\u00a0\u00a0\u00a0</p>\r\n<p>\u00a0\u00a0\u00a0\u00a0\u00a0\u00a0\u00a0 A C\u00e2mara Municipal de S\u00e3o Jos\u00e9 do Cal\u00e7ado-ES,<b> </b>atrav\u00e9s de seu Pregoeiro, torna p\u00fablico \u00e0 realiza\u00e7\u00e3o do certame licitat\u00f3rio, conforme segue:</p>\r\n<p><b>Objeto:</b> Aquisi\u00e7\u00e3o de um ve\u00edculo 0km para atender \u00e0 C\u00e2mara Municipal de S\u00e3o Jos\u00e9 do Cal\u00e7ado.</p>\r\n<p><b>Dia:</b> 18/12/2017, \u00e1s 14h.</p>\r\n<p>Esclarecimentos pelo telefone: (28) 3556-1255 ou 3556-1049.</p>\r\n<p><b>Edital: </b>Atrav\u00e9s do site: <a href=\"http://www.saojose/\">www.saojose</a>docalcado.es.leg.br</p>\r\n<p>link do Edital:\u00a0http://www.saojosedocalcado.es.leg.br/transparencia/licitacoes-e-contratos/editais</p>\r\n<p>e-mail:camarasjc@yahoo.com.br ou na Secretaria da C\u00e2mara Municipal das 12hs \u00e0s 18hs, localizado \u00e0 Pra\u00e7a Cel. Jos\u00e9 Dutra Nic\u00e1cio, 130, Centro.</p>\r\n<p align=\"center\">S\u00e3o Jos\u00e9 do Cal\u00e7ado-ES, \u00a0\u00a0\u00a0\u00a004/12/2017.</p>\r\n<p align=\"center\">Adriano da Silva Viana</p>\r\n<p align=\"center\">Pregoeiro-Portaria n\u00ba 391 CMSJC</p>\r\n<p><b>\u00a0</b></p>", "author_name": "", "version": "1.0", "author_url": "https://www.saojosedocalcado.es.leg.br/author/sjc", "provider_name": "C\u00e2mara Municipal de S\u00e3o Jos\u00e9 do Cal\u00e7ado", "type": "rich"}