{"provider_url": "https://www.saojosedocalcado.es.leg.br", "title": "Hist\u00f3ria da Cidade", "html": "<p style=\"text-align: justify; \"><b><span>S\u00c3O JOS\u00c9 DO CAL\u00c7ADO ESP\u00cdRITO SANTO - ES\u00a0</span></b></p>\r\n<p style=\"text-align: justify; \"><b>Hist\u00f3rico</b></p>\r\n<p style=\"text-align: justify; \">Gra\u00e7as \u00e0 coragem de dois sertanejos - Marciano L\u00facio e o caboclo Val\u00e9rio - e a liberalidade do coronel Jos\u00e9 Dutra Nic\u00e1cio de Minas Gerais, senhor de grandes extens\u00f5es de terras, formou-se, nos limites com o Rio de Janeiro, o arruado que mais tarde se transformaria no munic\u00edpio de S\u00e3o Jos\u00e9 do Cal\u00e7ado.<br /> O top\u00f4nimo, reza a tradi\u00e7\u00e3o , resultou de a popula\u00e7\u00e3o local ter adquirido na Corte pequena imagem de S\u00e3o Jos\u00e9, na qual vieram, justaposta, duas sand\u00e1lias. Na \u00e1rea doada pelo coronel Jos\u00e9 Dutra foi lan\u00e7ado, a 07-11-1855, o marco da povoa\u00e7\u00e3o. Nos prim\u00f3rdios de sua forma\u00e7\u00e3o e depois, no curso de sua evolu\u00e7\u00e3o pol\u00edtica como povoado, distrito de paz, vila, munic\u00edpio, cidade e comarca, S\u00e3o Jos\u00e9 do Cal\u00e7ado pertenceu a v\u00e1rios munic\u00edpios, at\u00e9 firmar independ\u00eancia.<br /> Sua eleva\u00e7\u00e3o a sede de distrito data de 16-11-1871 (Lei n\u00famero 11) e \u00e0 categoria de vila, de 11-11-1890 quando foi desligado o territ\u00f3rio do de Cachoeiro de Itapemirim e, pelo decreto n\u00ba criado o munic\u00edpio, instalado a 15-03-1891.\u00a0<br /> Gent\u00edlico: cal\u00e7adense</p>\r\n<p style=\"text-align: justify; \"><b><span>FORMA\u00c7\u00c3O ADMINISTRATIVA</span></b></p>\r\n<p style=\"text-align: justify; \">Distrito com a denomina\u00e7\u00e3o de S\u00e3o Jos\u00e9 do Cal\u00e7ado, por lei provincial n\u00ba 11, de 16-11-1871, subordinado ao munic\u00edpio de S\u00e3o Pedro de Itabapoana.</p>\r\n<p style=\"text-align: justify; \"><br /> Elevado \u00e0 categoria de vila com a denomina\u00e7\u00e3o de S\u00e3o Jos\u00e9 do Cal\u00e7ado, por decreto n\u00ba 53, de 11-11-1890, desmembrado de S\u00e3o Pedro de Itabapoana. Sede na antiga vila de S\u00e3o Jos\u00e9 do Cal\u00e7ado. Constitu\u00eddo de 2 distritos: S\u00e3o Jos\u00e9 do Cal\u00e7ado e Palmital. Instalado em 15-03-1891.</p>\r\n<p style=\"text-align: justify; \"><br /> Pela lei municipal de 05-04-1895, s\u00e3o criados os distritos de Alto Cal\u00e7ado, Barra do Cal\u00e7ado e Jardim e anexados ao munic\u00edpio de S\u00e3o Jos\u00e9 do Cal\u00e7ado.<br /> Em divis\u00e3o administrativa referente ao ano de 1911, a vila \u00e9 constitu\u00edda de 5 distritos: S\u00e3o Jos\u00e9 do Cal\u00e7ado, Alto Cal\u00e7ado, Barra do Cal\u00e7ado, Jardim e Palmital.<br /> Pela lei estadual n\u00ba 1384, de 05-07-1923, a vila de S\u00e3o Jos\u00e9 do Cal\u00e7ado passou \u00e0 condi\u00e7\u00e3o de cidade.</p>\r\n<p style=\"text-align: justify; \"><br /> Em divis\u00e3o administrativa referente ao ano de 1933, o munic\u00edpio de S\u00e3o Jos\u00e9 dos Cal\u00e7ado \u00e9 constitu\u00eddo de 5 distritos: S\u00e3o Jos\u00e9 do Cal\u00e7ado, Alto Cal\u00e7ado, Barra do Cal\u00e7ado, Jardim e Palmital.</p>\r\n<p style=\"text-align: justify; \">Pelo decreto-lei estadual n\u00ba 9941, de 11-11-1938, o distrito de Jardim passou a denominar-se Bom Jesus do Norte.</p>\r\n<p style=\"text-align: justify; \">No quadro fixado para vigorar no per\u00edodo de 1939-1943, o munic\u00edpio \u00e9 constitu\u00eddo de 5 distritos: S\u00e3o Jos\u00e9 do Cal\u00e7ado, Alto Cal\u00e7ado, Barra do Cal\u00e7ado, Bom Jesus do Norte ex-Jardim e Palmital.</p>\r\n<p style=\"text-align: justify; \">Pelo decreto-lei estadual n\u00ba 15177, de 31-12-1943, \u00e9 extinto o distrito de Barra do Cal\u00e7ado, sendo seu territ\u00f3rio anexado ao distrito sede de S\u00e3o Jos\u00e9 do Cal\u00e7ado e Bom Jesus do Norte. Sob o mesmo decreto o distrito de Palmital passou a denominar-se Airituba.\u00a0</p>\r\n<p style=\"text-align: justify; \">No quadro fixado para vigorar no per\u00edodo de 1944-1948, o munic\u00edpio \u00e9 constitu\u00eddo de 4 distritos: S\u00e3o Jos\u00e9 do Cal\u00e7ado, Airituba ex-Palmital, Alto Cal\u00e7ado e Bom Jesus do Norte.</p>\r\n<p style=\"text-align: justify; \">Em divis\u00e3o territorial datada de 01-07-1960, o munic\u00edpio \u00e9 constitu\u00eddo de 4 distritos: S\u00e3o Jos\u00e9 do Cal\u00e7ado, Airituba, Alto Cal\u00e7ado e Bom Jesus do Norte.\u00a0<br /> Pela lei estadual n\u00ba 1911, de 13-12-1963, desmembra do munic\u00edpio de S\u00e3o Jos\u00e9 do Cal\u00e7ado o distrito de Bom Jesus do Norte.\u00a0</p>\r\n<p style=\"text-align: justify; \">Elevado \u00e0 categoria de munic\u00edpio. Em divis\u00e3o territorial datada de 01-01-1979, o munic\u00edpio \u00e9 constitu\u00eddo de 3 distritos: S\u00e3o Jos\u00e9 do Cal\u00e7ado, Airituba e Alto Cal\u00e7ado.\u00a0<br /> Assim permanecendo em divis\u00e3o territorial datada de 2005.</p>\r\n<p style=\"text-align: justify; \">\u00a0<b>Fonte:\u00a0</b><span>IBGE</span></p>\r\n<p style=\"text-align: justify; \">\u00a0\u00a0</p>\r\n<p style=\"text-align: justify; \"><span>O nome da cidade, reza a tradi\u00e7\u00e3o, vem do fato de a popula\u00e7\u00e3o do antigo vilarejo, ainda no s\u00e9culo XIX, ter adquirido da corte uma imagem de S\u00e3o Jos\u00e9, a qual veio com sand\u00e1lias, coisa incomum na \u00e9poca. Essa vers\u00e3o foi escrita em livros sobre o munic\u00edpio, por\u00e9m, reflete a opini\u00e3o da tradicional Igreja Cat\u00f3lica, a qual patrocinou o livro. Contudo, a vers\u00e3o mais aceita reflete o fato de toda regi\u00e3o, lugarejo, vilas, munic\u00edpios terem seus nomes de origem de acordo com a geografia da regi\u00e3o. Por exemplo, os munic\u00edpios de Cachoeiro do Itapemerim, Bom Jesus do Itabapoana, t\u00eam seus nomes originados de seus rios, o mesmo fato ocorre com o munic\u00edpio de S\u00e3o Jos\u00e9 do Cal\u00e7ado. O rio que passa pela cidade tinha h\u00e1 muitos anos as suas margens cal\u00e7adas de pedras. Da\u00ed a explica\u00e7\u00e3o mais razo\u00e1vel para o nome de S\u00e3o Jos\u00e9 do \"rio\" cal\u00e7ado. Assim como alguns lugares vizinhos e no restante do pa\u00eds, essa cidade recebeu tal nome por ter essa caracter\u00edstica geogr\u00e1fica peculiar.</span></p>\r\n<p style=\"text-align: justify; \">Numa \u00e1rea doada pelo coronel Jos\u00e9 Dutra Nic\u00e1cio foi implantado, em 7 de novembro de 1855, o marco que deu in\u00edcio \u00e0 povoa\u00e7\u00e3o.</p>\r\n<p style=\"text-align: justify; \">Antes de se tornar independente e constituir-se em munic\u00edpio, em 15 de mar\u00e7o de 1891, o povoado tornou-se distrito (16 de novembro de 1871), vila 11\u00a0 de novembro de 1890, desligando-se de Cachoeiro de Itapemirim), cidade e comarca, pertencendo a v\u00e1rios munic\u00edpios.</p>\r\n<p style=\"text-align: justify; \">\u00a0</p>", "author_name": "", "version": "1.0", "author_url": "https://www.saojosedocalcado.es.leg.br/author/sjc", "provider_name": "C\u00e2mara Municipal de S\u00e3o Jos\u00e9 do Cal\u00e7ado", "type": "rich"}