{"provider_url": "https://www.saojosedocalcado.es.leg.br", "title": "Perguntas Frequentes", "html": "<p><img src=\"https://www.saojosedocalcado.es.leg.br/imagens/faq-logo.png/image_thumb\" alt=\"FAQ\" class=\"image-right\" title=\"Faq Logo\" /></p>\r\n<p><strong>Quantos Vereadores comp\u00f5em a C\u00e2mara Municipal de S\u00e3o Jos\u00e9 do Cal\u00e7ado?</strong></p>\r\n<p>A C\u00e2mara Municipal de S\u00e3o Jos\u00e9 do Cal\u00e7ado/ES \u00e9 composta por 09 (nove) Parlamentares.</p>\r\n<p>\u00a0</p>\r\n<p><strong>Quais as principais fun\u00e7\u00f5es do Poder Legislativo?</strong></p>\r\n<p>Legislativa, Fiscalizadora e Administrativa.</p>\r\n<p>\u00a0</p>\r\n<p><strong>Quantos anos dura o mandato de um Vereador?</strong></p>\r\n<p>Quatro anos.</p>\r\n<p>\u00a0\u00a0</p>\r\n<p><strong>O que \u00e9 uma Legislatura? E quando ela se incia?</strong></p>\r\n<p>Legislatura \u00e9 o nome dado ao per\u00edodo de dura\u00e7\u00e3o do mandato do Vereador, ou seja, de quatro anos. A Legislatura se inicia em 1\u00ba de janeiro do ano seguinte ao da elei\u00e7\u00e3o Municipal.</p>\r\n<p>\u00a0\u00a0</p>\r\n<p><strong>Quantos votos s\u00e3o necess\u00e1rios para se eleger Vereador?</strong></p>\r\n<p>Essa quantidade varia de acordo com o chamado quociente eleitoral de cada munic\u00edpio. Esse n\u00famero \u00e9 obtido dividindo-se o n\u00famero de votos v\u00e1lidos (exclu\u00eddos os brancos e nulos), sejam eles nominais ou na legenda, pelo de lugares a serem preenchidos na C\u00e2mara Municipal. Por exemplo, em uma cidade h\u00e1 nove vagas para vereador, e concorrem a elas tr\u00eas partidos (A,B e C) e a coliga\u00e7\u00e3o D. A legenda A obteve 1.900 votos, a B, 1.350, a C, 550, e a coliga\u00e7\u00e3o D, 2.250. Os votos v\u00e1lidos na cidade somam 6.050. Dividindo-se os votos pelas vagas, obt\u00eam-se um quociente eleitoral de 672. Assim, apenas as legendas A e B e a coliga\u00e7\u00e3o D conseguiram votos suficientes para atingir o quociente eleitoral e ter\u00e3o direito a preencher as vagas dispon\u00edveis.</p>\r\n<p><strong><em>Fonte: (</em></strong><a href=\"http://www.tse.jus.br/eleitor/glossario/termos/quociente-eleitoral\">http://www.tse.jus.br/eleitor/glossario/termos/quociente-eleitoral</a><strong><em>)</em></strong></p>\r\n<p><strong><em>\u00a0</em></strong></p>\r\n<p><strong>Como eu fa\u00e7o para entrar em contato com um Vereador?</strong></p>\r\n<p>Os contatos dos Vereadores est\u00e3o dispon\u00edveis neste site, no menu Parlamentares. Clicando no Parlamentar, ser\u00e3o exibidos o e-mail, telefone do Gabinete e celular. Tamb\u00e9m est\u00e3o dispon\u00edveis neste menu, informa\u00e7\u00f5es sobre Mandatos, Comiss\u00f5es, Proposi\u00e7\u00f5es e Filia\u00e7\u00e3o Partid\u00e1ria.</p>\r\n<p>\u00a0\u00a0</p>\r\n<p><strong>Como se escolhe o Presidente e a Mesa Diretora da C\u00e2mara Municipal?</strong></p>\r\n<p>S\u00e3o formadas chapas com candidatos \u00e0 Presid\u00eancia. Por vota\u00e7\u00e3o aberta e maioria simples de votos, os membros da Casa elegem o Presidente, Vice-presidente, al\u00e9m de 1\u00ba e 2\u00ba Secret\u00e1rios.</p>\r\n<p>\u00a0</p>\r\n<p><strong>Qual a fun\u00e7\u00e3o da Mesa Diretora?</strong></p>\r\n<p>Segundo o Regimento Interno da Casa, \u00e9 compet\u00eancia \u00a0da Mesa Diretora:\u00a0</p>\r\n<p>I - dirigir os trabalhos legislativos e os servi\u00e7os administrativos da C\u00e2mara;\u00a0</p>\r\n<p>II - propor projetos que criem ou extingam cargos ou servi\u00e7os da C\u00e2mara e fixem os\u00a0respectivos vencimentos;\u00a0</p>\r\n<p>III - regulamentar o funcionamento dos servi\u00e7os administrativos do Poder Legislativo;\u00a0</p>\r\n<p>IV - emitir parecer sobre pedido de licen\u00e7a de Vereadores;\u00a0</p>\r\n<p>V - apresentar ao Plen\u00e1rio, no fim de cada ano, relat\u00f3rio dos trabalhos realizados, bem\u00a0como sugest\u00f5es;\u00a0</p>\r\n<p>VI - indicar os ordenadores de despesas;\u00a0</p>\r\n<p>VII - cumprir as decis\u00f5es emanadas do Plen\u00e1rio;\u00a0</p>\r\n<p>VIII - exercer as demais atribui\u00e7\u00f5es previstas neste Regimento;\u00a0</p>\r\n<p>IX - apresentar presta\u00e7\u00e3o de contas, quadrimestralmente, em audi\u00eancia p\u00fablica, na forma\u00a0da Lei de Responsabilidade Fiscal.\u00a0</p>\r\n<div>\u00a0</div>\r\n<p><strong>O que \u00e9 o Recesso Parlamentar?</strong></p>\r\n<p>No primeiro ano de cada Legislatura, entre os dias 16 de janeiro a 14 de fevereiro h\u00e1 uma interrup\u00e7\u00e3o nos trabalhos legislativos, isto \u00e9, as Sess\u00f5es Ordin\u00e1rias deixam de acontecer, nos outros 3 anos que comp\u00f5em a Legislatura, o recesso ocorre entre os dias 1\u00ba a 31 de janeiro. Neste per\u00edodo poder\u00e3o ocorrer as Sess\u00f5es Extraordin\u00e1rias.</p>\r\n<p>\u00a0</p>\r\n<p><strong>Como \u00e9 elaborada a Ordem do Dia?</strong></p>\r\n<p>A Ordem do Dia \u00e9 elaborada pela Presid\u00eancia e pelos L\u00edderes de Bancada, observando-se os prazos para delibera\u00e7\u00e3o, anterioridade e urg\u00eancia dos projetos.</p>\r\n<p>\u00a0</p>\r\n<p><strong>Quando acontecem as Sess\u00f5es Ordin\u00e1rias da C\u00e2mara?</strong></p>\r\n<p>As Sess\u00f5es Ordin\u00e1rias acontecem todos os dias 10 e 25 de cada M\u00eas\u00a0 \u00e0s 19 horas, no Plen\u00e1rio da C\u00e2mara Municipal. (caso ocorra feriado no dia marcado ser\u00e1 automaticamente marcado para o seu pr\u00f3ximo dia \u00fatil)</p>\r\n<p>\u00a0</p>\r\n<p><strong>As Sess\u00f5es da C\u00e2mara s\u00e3o p\u00fablicas?</strong></p>\r\n<p>Sim, s\u00e3o p\u00fablicas e toda a popula\u00e7\u00e3o pode participar.</p>\r\n<p>\u00a0\u00a0</p>\r\n<p><strong>Qual \u00e9 o hor\u00e1rio de expediente da C\u00e2mara Municipal e como posso entrar em contato?</strong></p>\r\n<p>O hor\u00e1rio de funcionamento, bem como os endere\u00e7os, e-mail e telefones para contato est\u00e3o dispon\u00edveis no menu Institucional -<a class=\"internal-link\" href=\"http://www.camarabento.rs.gov.br/fale-com-a-camara\" target=\"_self\" title=\"\">\u00a0<span class=\"internal-link\">LINK</span></a>\u00a0- , tamb\u00e9m pode ser usado \u00a0o menu Fale com a C\u00e2mara.</p>\r\n<p>\u00a0</p>\r\n<p>\u00a0</p>\r\n<p><strong>O que \u00e9 a Ouvidoria ?</strong></p>\r\n<p>\u00c9 o canal de comunica\u00e7\u00e3o direta entre a sociedade e a C\u00e2mara de Vereadores, uma porta aberta para a cidadania.</p>\r\n<p>\u00c9 o espa\u00e7o que permite ao cidad\u00e3o com sugest\u00f5es e coment\u00e1rios colaborar com a qualidade dos servi\u00e7os prestados.</p>\r\n<p>\u00c9 um servi\u00e7o oferecido ao cidad\u00e3o para que este possa se manifestar, fazendo den\u00fancias, reclama\u00e7\u00f5es , pedindo informa\u00e7\u00f5es, oferecendo sugest\u00f5es de aprimoramento ou mesmo elogiando o desempenho da C\u00e2mara de Vereadores.</p>\r\n<p>Apresenta-se como um instrumento aut\u00eantico da democracia participativa na medida em que transporta o cidad\u00e3o comum para o \u00e2mbito do Poder Legislativo que ganha voz atrav\u00e9s do ouvidor, uma vez que suas manifesta\u00e7\u00f5es/demandas s\u00e3o recebidas, analisadas e respondidas.</p>\r\n<p>\u00a0</p>\r\n<p><strong>Que tipos de manifesta\u00e7\u00e3o posso encaminhar para a ouvidoria?</strong></p>\r\n<table><colgroup><col width=\"150\"> <col width=\"409\"> </colgroup>\r\n<tbody>\r\n<tr>\r\n<td>\r\n<p>Den\u00fancia</p>\r\n</td>\r\n<td>\r\n<p>Comunica\u00e7\u00e3o verbal ou escrita que indica irregularidade/ ilegalidade na administra\u00e7\u00e3o ou no atendimento do Poder Legislativo.</p>\r\n</td>\r\n</tr>\r\n<tr>\r\n<td>\r\n<p>Elogio</p>\r\n</td>\r\n<td>\r\n<p>Demonstra\u00e7\u00e3o de apre\u00e7o, reconhecimento ou satisfa\u00e7\u00e3o por servi\u00e7o prestado ou atendimento recebido pela C\u00e2mara de Vereadores.</p>\r\n</td>\r\n</tr>\r\n<tr>\r\n<td>\r\n<p>Informa\u00e7\u00e3o/Solicita\u00e7\u00e3o</p>\r\n</td>\r\n<td>\r\n<p>Solicita\u00e7\u00e3o de orienta\u00e7\u00e3o ou informa\u00e7\u00e3o relacionado \u00e0 \u00e1rea de atua\u00e7\u00e3o da C\u00e2mara Municipal.</p>\r\n</td>\r\n</tr>\r\n<tr>\r\n<td>\r\n<p>Reclama\u00e7\u00e3o/Cr\u00edtica</p>\r\n</td>\r\n<td>\r\n<p>Manifesta\u00e7\u00e3o de insatisfa\u00e7\u00e3o em rela\u00e7\u00e3o \u00e0s a\u00e7\u00f5es e servi\u00e7os prestados pelo Poder Legislativo.</p>\r\n</td>\r\n</tr>\r\n<tr>\r\n<td>\r\n<p>Sugest\u00e3o</p>\r\n</td>\r\n<td>\r\n<p>Id\u00e9ia ou proposta para o aprimoramento dos processos de trabalho da C\u00e2mara de Vereadores.</p>\r\n</td>\r\n</tr>\r\n</tbody>\r\n</table>", "author_name": "Interlegis", "version": "1.0", "author_url": "https://www.saojosedocalcado.es.leg.br/author/Interlegis", "provider_name": "C\u00e2mara Municipal de S\u00e3o Jos\u00e9 do Cal\u00e7ado", "type": "rich"}